{"id":5938,"date":"2026-08-31T16:38:13","date_gmt":"2026-08-31T19:38:13","guid":{"rendered":"https:\/\/cinemaeafins.com.br\/filmes\/?p=5938"},"modified":"2026-08-31T16:57:14","modified_gmt":"2026-08-31T19:57:14","slug":"o-sorveteiro-2026","status":"publish","type":"post","link":"https:\/\/cinemaeafins.com.br\/filmes\/o-sorveteiro-2026\/","title":{"rendered":"O Sorveteiro (2026)"},"content":{"rendered":"<div class=\"wpb-content-wrapper\" id=\"wpb-content-root\">[vc_row][vc_column][vc_column_text]\n<p style=\"text-align: justify;\"><strong>O Sorveteiro<\/strong> (<em>Ice Cream Man<\/em>) \u00e9 um filme de terror dirigido por <strong>Eli Roth<\/strong>, cineasta conhecido por trabalhos como <em>O Albergue<\/em> e <em>Feriado Sangrento<\/em>. A produ\u00e7\u00e3o combina terror, horror corporal, slasher e gore, marcando mais uma incurs\u00e3o de Roth no cinema de g\u00eanero.<\/p>\n<p><!--more-->[\/vc_column_text][vc_column_text]\n<div class=\"sinopse-bloco\">\n<h3 style=\"text-align: center;\">Sinopse<\/h3>\n<p style=\"text-align: justify;\">Em <strong>O Sorveteiro<\/strong> (<em>Ice Cream Man<\/em>), o que come\u00e7a como um ver\u00e3o tranquilo em uma pequena cidade rapidamente se transforma em um cen\u00e1rio de viol\u00eancia e caos. Dirigido por <strong>Eli Roth<\/strong>, o longa aposta no terror gore e no humor sombrio para transformar uma figura associada \u00e0 inf\u00e2ncia em uma amea\u00e7a perturbadora. A produ\u00e7\u00e3o acompanha uma onda de viol\u00eancia desencadeada por um misterioso vendedor de sorvetes, enquanto tr\u00eas jovens tentam encontrar uma maneira de interromper o massacre antes que a situa\u00e7\u00e3o saia completamente de controle.<\/p>\n<\/div>\n[\/vc_column_text][vc_column_text]\n<section class=\"ficha-tecnica-estilo-tabela trailers-section\" aria-label=\"Homem-Aranha: Um Novo Dia\">\n<article class=\"trailer-bloco\">\n<h3 style=\"text-align: center;\">Trailer<\/h3>\n<p><iframe loading=\"lazy\" title=\"YouTube video player\" src=\"https:\/\/www.youtube.com\/embed\/1aBf7lb4nQ0?si=wl0OODpJFhQuB0Ps\" width=\"560\" height=\"315\" frameborder=\"0\" allowfullscreen=\"allowfullscreen\"><\/iframe><\/p>\n<\/article>\n<\/section>\n[\/vc_column_text][vc_column_text]\n<section aria-labelledby=\"elenco-o-sorveteiro-2026\">\n<h3 id=\"elenco-o-sorveteiro-2026\" style=\"text-align: center;\">Elenco de O Sorveteiro<\/h3>\n<table class=\"tabela-elenco-o-sorveteiro-2026\">\n<thead>\n<tr>\n<th style=\"text-align: center;\" scope=\"col\">\ud83c\udfad Ator \/ Atriz<\/th>\n<th style=\"text-align: center;\" scope=\"col\">\ud83d\udc64 Personagem<\/th>\n<\/tr>\n<\/thead>\n<tbody>\n<tr>\n<td><a title=\"Charlie Zeltzer em O Sorveteiro\" href=\"https:\/\/cinemaeafins.com.br\/filmes\/ator\/charlie-zeltzer\/\">Charlie Zeltzer<\/a><\/td>\n<td>Jared<\/td>\n<\/tr>\n<tr>\n<td><a title=\"Eli Roth em O Sorveteiro\" href=\"https:\/\/cinemaeafins.com.br\/filmes\/ator\/eli-roth\/\">Eli Roth<\/a><\/td>\n<td>Marty<\/td>\n<\/tr>\n<tr>\n<td><a title=\"Ryan Allen em O Sorveteiro\" href=\"https:\/\/cinemaeafins.com.br\/filmes\/ator\/ryan-allen\/\">Ryan Allen<\/a><\/td>\n<td>Oficial Salinger<\/td>\n<\/tr>\n<tr>\n<td><a title=\"Ari Millen em O Sorveteiro\" href=\"https:\/\/cinemaeafins.com.br\/filmes\/ator\/ari-millen\/\">Ari Millen<\/a><\/td>\n<td>O Sorveteiro<\/td>\n<\/tr>\n<tr>\n<td><a title=\"Benjamin Byron Davis em O Sorveteiro\" href=\"https:\/\/cinemaeafins.com.br\/filmes\/ator\/benjamin-byron-davis\/\">Benjamin Byron Davis<\/a><\/td>\n<td>O Padre<\/td>\n<\/tr>\n<tr>\n<td><a title=\"Darrin Baker em O Sorveteiro\" href=\"https:\/\/cinemaeafins.com.br\/filmes\/ator\/darrin-baker\/\">Darrin Baker<\/a><\/td>\n<td>Diretor Maloney<\/td>\n<\/tr>\n<tr>\n<td><a title=\"Karen Cliche em O Sorveteiro\" href=\"https:\/\/cinemaeafins.com.br\/filmes\/atriz\/karen-cliche\/\">Karen Cliche<\/a><\/td>\n<td>Alison<\/td>\n<\/tr>\n<tr>\n<td><a title=\"Sarah Abbott em O Sorveteiro\" href=\"https:\/\/cinemaeafins.com.br\/filmes\/atriz\/sarah-abbott\/\">Sarah Abbott<\/a><\/td>\n<td>Lizzie<\/td>\n<\/tr>\n<tr>\n<td><a title=\"Carina Battrick em O Sorveteiro\" href=\"https:\/\/cinemaeafins.com.br\/filmes\/atriz\/carina-battrick\/\">Carina Battrick<\/a><\/td>\n<td>Marcella<\/td>\n<\/tr>\n<tr>\n<td><a title=\"Lynne Griffin em O Sorveteiro\" href=\"https:\/\/cinemaeafins.com.br\/filmes\/atriz\/lynne-griffin\/\">Lynne Griffin<\/a><\/td>\n<td>Senhora Idosa<\/td>\n<\/tr>\n<tr>\n<td><a title=\"Rodrigo Fernandez-Stoll em O Sorveteiro\" href=\"https:\/\/cinemaeafins.com.br\/filmes\/ator\/rodrigo-fernandez-stoll\/\">Rodrigo Fernandez-Stoll<\/a><\/td>\n<td>Sr. Hamlin<\/td>\n<\/tr>\n<tr>\n<td><a title=\"Alex Armbruster em O Sorveteiro\" href=\"https:\/\/cinemaeafins.com.br\/filmes\/ator\/alex-armbruster\/\">Alex Armbruster<\/a><\/td>\n<td>Jogger<\/td>\n<\/tr>\n<tr>\n<td><a title=\"Dylan Hawco em O Sorveteiro\" href=\"https:\/\/cinemaeafins.com.br\/filmes\/ator\/dylan-hawco\/\">Dylan Hawco<\/a><\/td>\n<td>Chris<\/td>\n<\/tr>\n<tr>\n<td><a title=\"Luke Dietz em O Sorveteiro\" href=\"https:\/\/cinemaeafins.com.br\/filmes\/ator\/luke-dietz\/\">Luke Dietz<\/a><\/td>\n<td>Elliot<\/td>\n<\/tr>\n<tr>\n<td><a title=\"Charlie Storey em O Sorveteiro\" href=\"https:\/\/cinemaeafins.com.br\/filmes\/atriz\/charlie-storey\/\">Charlie Storey<\/a><\/td>\n<td>Piper<\/td>\n<\/tr>\n<tr>\n<td><a title=\"Ken Hall em O Sorveteiro\" href=\"https:\/\/cinemaeafins.com.br\/filmes\/ator\/ken-hall\/\">Ken Hall<\/a><\/td>\n<td>Sr. Browning<\/td>\n<\/tr>\n<tr>\n<td><a title=\"Kiori Mirza Waldman em O Sorveteiro\" href=\"https:\/\/cinemaeafins.com.br\/filmes\/atriz\/kiori-mirza-waldman\/\">Kiori Mirza Waldman<\/a><\/td>\n<td>Mia<\/td>\n<\/tr>\n<tr>\n<td><a title=\"Lorenzo Antonicci em O Sorveteiro\" href=\"https:\/\/cinemaeafins.com.br\/filmes\/ator\/lorenzo-antonicci\/\">Lorenzo Antonicci<\/a><\/td>\n<td>Terry<\/td>\n<\/tr>\n<\/tbody>\n<\/table>\n<\/section>\n[\/vc_column_text][\/vc_column][\/vc_row][vc_row][vc_column][vc_tta_accordion style=&#8221;modern&#8221; active_title_color=&#8221;#666&#8243; inactive_title_color=&#8221;#666&#8243; section_title_tag=&#8221;h3&#8243; spacing=&#8221;3px&#8221; collapsible_all=&#8221;true&#8221; active_section=&#8221;&#8221;][vc_tta_section i_icon_fontawesome=&#8221;fa fa-solid fa-user-large&#8221; add_icon=&#8221;true&#8221; title=&#8221;Elenco Completo&#8221; tab_id=&#8221;elenco-completo&#8221;][vc_column_text]\n<section aria-labelledby=\"elenco-o-sorveteiro-2026-parte-2\">\n<table class=\"tabela-elenco-o-sorveteiro-2026-parte-2\">\n<thead>\n<tr>\n<th style=\"text-align: center;\" scope=\"col\">\ud83c\udfad Ator \/ Atriz<\/th>\n<th style=\"text-align: center;\" scope=\"col\">\ud83d\udc64 Personagem<\/th>\n<\/tr>\n<\/thead>\n<tbody>\n<tr>\n<td><a title=\"Steffi DiDomenicantonio em O Sorveteiro\" href=\"https:\/\/cinemaeafins.com.br\/filmes\/atriz\/steffi-didomenicantonio\/\">Steffi DiDomenicantonio<\/a><\/td>\n<td>Professora Aterrorizada<\/td>\n<\/tr>\n<tr>\n<td><a title=\"Neil Adams em O Sorveteiro\" href=\"https:\/\/cinemaeafins.com.br\/filmes\/ator\/neil-adams\/\">Neil Adams<\/a><\/td>\n<td>Professor em P\u00e2nico<\/td>\n<\/tr>\n<tr>\n<td><a title=\"Jordan Poole em O Sorveteiro\" href=\"https:\/\/cinemaeafins.com.br\/filmes\/ator\/jordan-poole\/\">Jordan Poole<\/a><\/td>\n<td>Vampiro<\/td>\n<\/tr>\n<tr>\n<td><a title=\"Amanda Barker em O Sorveteiro\" href=\"https:\/\/cinemaeafins.com.br\/filmes\/atriz\/amanda-barker\/\">Amanda Barker<\/a><\/td>\n<td>Heather Henderson<\/td>\n<\/tr>\n<tr>\n<td><a title=\"Hailey Kittle em O Sorveteiro\" href=\"https:\/\/cinemaeafins.com.br\/filmes\/atriz\/hailey-kittle\/\">Hailey Kittle<\/a><\/td>\n<td>Assistente da Professora Melissa<\/td>\n<\/tr>\n<tr>\n<td><a title=\"Kole Parks em O Sorveteiro\" href=\"https:\/\/cinemaeafins.com.br\/filmes\/ator\/kole-parks\/\">Kole Parks<\/a><\/td>\n<td>Benji<\/td>\n<\/tr>\n<tr>\n<td><a title=\"Kiera Laidman em O Sorveteiro\" href=\"https:\/\/cinemaeafins.com.br\/filmes\/atriz\/kiera-laidman\/\">Kiera Laidman<\/a><\/td>\n<td>Skye<\/td>\n<\/tr>\n<tr>\n<td><a title=\"Shiloh O'Reilly em O Sorveteiro\" href=\"https:\/\/cinemaeafins.com.br\/filmes\/ator\/shiloh-oreilly\/\">Shiloh O&#8217;Reilly<\/a><\/td>\n<td>Tommy<\/td>\n<\/tr>\n<tr>\n<td><a title=\"Baeyen Hoffman em O Sorveteiro\" href=\"https:\/\/cinemaeafins.com.br\/filmes\/ator\/baeyen-hoffman\/\">Baeyen Hoffman<\/a><\/td>\n<td>Filho de Myles<\/td>\n<\/tr>\n<tr>\n<td><a title=\"Brittany Rae Robinson em O Sorveteiro\" href=\"https:\/\/cinemaeafins.com.br\/filmes\/atriz\/brittany-rae-robinson\/\">Brittany Rae Robinson<\/a><\/td>\n<td>Fran Farber<\/td>\n<\/tr>\n<tr>\n<td><a title=\"Ewan Wood em O Sorveteiro\" href=\"https:\/\/cinemaeafins.com.br\/filmes\/ator\/ewan-wood\/\">Ewan Wood<\/a><\/td>\n<td>Jesse (como Ewan Matthys Wood)<\/td>\n<\/tr>\n<tr>\n<td><a title=\"Eli Massillon em O Sorveteiro\" href=\"https:\/\/cinemaeafins.com.br\/filmes\/ator\/eli-massillon\/\">Eli Massillon<\/a><\/td>\n<td>Myles<\/td>\n<\/tr>\n<tr>\n<td><a title=\"Mich\u00e8le Kaye em O Sorveteiro\" href=\"https:\/\/cinemaeafins.com.br\/filmes\/atriz\/michele-kaye\/\">Mich\u00e8le Kaye<\/a><\/td>\n<td>M\u00e3e de Benji<\/td>\n<\/tr>\n<tr>\n<td><a title=\"Valentina Capetola em O Sorveteiro\" href=\"https:\/\/cinemaeafins.com.br\/filmes\/atriz\/valentina-capetola\/\">Valentina Capetola<\/a><\/td>\n<td>Daniella<\/td>\n<\/tr>\n<tr>\n<td><a title=\"Breeze Dango em O Sorveteiro\" href=\"https:\/\/cinemaeafins.com.br\/filmes\/atriz\/breeze-dango\/\">Breeze Dango<\/a><\/td>\n<td>Garota da Big Wheel<\/td>\n<\/tr>\n<tr>\n<td><a title=\"Justin Mader em O Sorveteiro\" href=\"https:\/\/cinemaeafins.com.br\/filmes\/ator\/justin-mader\/\">Justin Mader<\/a><\/td>\n<td>Barry Farber<\/td>\n<\/tr>\n<tr>\n<td><a title=\"Ric Reid em O Sorveteiro\" href=\"https:\/\/cinemaeafins.com.br\/filmes\/ator\/ric-reid\/\">Ric Reid<\/a><\/td>\n<td>Roger<\/td>\n<\/tr>\n<tr>\n<td><a title=\"Ivano DiCaro em O Sorveteiro\" href=\"https:\/\/cinemaeafins.com.br\/filmes\/ator\/ivano-dicaro\/\">Ivano DiCaro<\/a><\/td>\n<td>Hank<\/td>\n<\/tr>\n<tr>\n<td><a title=\"Addison Bell em O Sorveteiro\" href=\"https:\/\/cinemaeafins.com.br\/filmes\/atriz\/addison-bell\/\">Addison Bell<\/a><\/td>\n<td>Penelope<\/td>\n<\/tr>\n<tr>\n<td><a title=\"Sonam Kalsang em O Sorveteiro\" href=\"https:\/\/cinemaeafins.com.br\/filmes\/ator\/sonam-kalsang\/\">Sonam Kalsang<\/a><\/td>\n<td>Sebastian<\/td>\n<\/tr>\n<tr>\n<td><a title=\"Evelyn Chen em O Sorveteiro\" href=\"https:\/\/cinemaeafins.com.br\/filmes\/atriz\/evelyn-chen\/\">Evelyn Chen<\/a><\/td>\n<td>Jill<\/td>\n<\/tr>\n<tr>\n<td><a title=\"Betty Volpe em O Sorveteiro\" href=\"https:\/\/cinemaeafins.com.br\/filmes\/atriz\/betty-volpe\/\">Betty Volpe<\/a><\/td>\n<td>Robin<\/td>\n<\/tr>\n<tr>\n<td><a title=\"Mackenzie Karner em O Sorveteiro\" href=\"https:\/\/cinemaeafins.com.br\/filmes\/atriz\/mackenzie-karner\/\">Mackenzie Karner<\/a><\/td>\n<td>Crian\u00e7a do parquinho<\/td>\n<\/tr>\n<tr>\n<td><a title=\"Lerato Tafa em O Sorveteiro\" href=\"https:\/\/cinemaeafins.com.br\/filmes\/atriz\/lerato-tafa\/\">Lerato Tafa<\/a><\/td>\n<td>Dawn<\/td>\n<\/tr>\n<tr>\n<td><a title=\"Matias Tafilica em O Sorveteiro\" href=\"https:\/\/cinemaeafins.com.br\/filmes\/ator\/matias-tafilica\/\">Matias Tafilica<\/a><\/td>\n<td>Moog<\/td>\n<\/tr>\n<tr>\n<td><a title=\"Andriah Bryan em O Sorveteiro\" href=\"https:\/\/cinemaeafins.com.br\/filmes\/atriz\/andriah-bryan\/\">Andriah Bryan<\/a><\/td>\n<td>Sra. Valentine<\/td>\n<\/tr>\n<tr>\n<td><a title=\"Genevieve Duncan-Reid em O Sorveteiro\" href=\"https:\/\/cinemaeafins.com.br\/filmes\/atriz\/genevieve-duncan-reid\/\">Genevieve Duncan-Reid<\/a><\/td>\n<td>Garota com Martelo de Garra<\/td>\n<\/tr>\n<tr>\n<td><a title=\"Joseph La Marca em O Sorveteiro\" href=\"https:\/\/cinemaeafins.com.br\/filmes\/ator\/joseph-la-marca\/\">Joseph La Marca<\/a><\/td>\n<td>Greg<\/td>\n<\/tr>\n<tr>\n<td><a title=\"Eliot Dahan em O Sorveteiro\" href=\"https:\/\/cinemaeafins.com.br\/filmes\/ator\/eliot-dahan\/\">Eliot Dahan<\/a><\/td>\n<td>Garoto com Moedas n\u00ba 2 (n\u00e3o creditado)<\/td>\n<\/tr>\n<tr>\n<td><a title=\"Jake Gosden em O Sorveteiro\" href=\"https:\/\/cinemaeafins.com.br\/filmes\/ator\/jake-gosden\/\">Jake Gosden<\/a><\/td>\n<td>Garoto Canadense (n\u00e3o creditado)<\/td>\n<\/tr>\n<tr>\n<td><a title=\"Lochlan Miller em O Sorveteiro\" href=\"https:\/\/cinemaeafins.com.br\/filmes\/ator\/lochlan-miller\/\">Lochlan Miller<\/a><\/td>\n<td>Garoto com Moedas n\u00ba 1 (n\u00e3o creditado)<\/td>\n<\/tr>\n<tr>\n<td><a title=\"Tyler Ronald em O Sorveteiro\" href=\"https:\/\/cinemaeafins.com.br\/filmes\/ator\/tyler-ronald\/\">Tyler Ronald<\/a><\/td>\n<td>Crian\u00e7a do SSE obrigada a tomar sorvete (n\u00e3o creditado)<\/td>\n<\/tr>\n<tr>\n<td><a title=\"Sophia Wilson em O Sorveteiro\" href=\"https:\/\/cinemaeafins.com.br\/filmes\/atriz\/sophia-wilson\/\">Sophia Wilson<\/a><\/td>\n<td>Crian\u00e7a do parquinho (n\u00e3o creditado)<\/td>\n<\/tr>\n<\/tbody>\n<\/table>\n<\/section>\n[\/vc_column_text][\/vc_tta_section][vc_tta_section i_icon_fontawesome=&#8221;fa fa-solid fa-list-ul&#8221; add_icon=&#8221;true&#8221; title=&#8221;Equipe&#8221; tab_id=&#8221;equipe&#8221;][vc_column_text]\n<div class=\"ficha-tecnica-estilo-tabela\">\n<div class=\"linha\">\n<div class=\"coluna-esquerda\">\n<h3>Produ\u00e7\u00e3o<\/h3>\n<\/div>\n<div class=\"coluna-direita\">Kate Harrison Karman<br \/>\nEli Roth<br \/>\nRaj Brinder Singh<br \/>\nChristopher Woodrow<\/div>\n<\/div>\n<div class=\"linha\">\n<div class=\"coluna-esquerda\">\n<h3>Produ\u00e7\u00e3o Executiva<\/h3>\n<\/div>\n<div class=\"coluna-direita\">Holly Adams<br \/>\nLorenzo Antonicci<br \/>\nAsh Avildsen<br \/>\nPeter Bittenbender<br \/>\nAndre Couttu<br \/>\nConnor DiGregorio<br \/>\nKevin Scott Frakes<br \/>\nPhil Hunt<br \/>\nMatt MacLellan<br \/>\nEli Massillon<br \/>\nNas<br \/>\nCompton Ross<br \/>\nJon Schnaars<\/div>\n<\/div>\n<div class=\"linha\">\n<div class=\"coluna-esquerda\">\n<h3>Produ\u00e7\u00e3o Associada<\/h3>\n<\/div>\n<div class=\"coluna-direita\">Samantha Allwinton<\/div>\n<\/div>\n<div class=\"linha\">\n<div class=\"coluna-esquerda\">\n<h3>Coprodu\u00e7\u00e3o<\/h3>\n<\/div>\n<div class=\"coluna-direita\">Lisa Sepp-Wilson<br \/>\nWendy Xu<\/div>\n<\/div>\n<div class=\"linha\">\n<div class=\"coluna-esquerda\">\n<h3>Compositor<\/h3>\n<\/div>\n<div class=\"coluna-direita\">Brandon Roberts<\/div>\n<\/div>\n<div class=\"linha\">\n<div class=\"coluna-esquerda\">\n<h3>Dire\u00e7\u00e3o de Fotografia<\/h3>\n<\/div>\n<div class=\"coluna-direita\">Simon Sholhet<\/div>\n<\/div>\n<div class=\"linha\">\n<div class=\"coluna-esquerda\">\n<h3>Edi\u00e7\u00e3o<\/h3>\n<\/div>\n<div class=\"coluna-direita\">Matt Lyon<\/div>\n<\/div>\n<div class=\"linha\">\n<div class=\"coluna-esquerda\">\n<h3>Designer de Produ\u00e7\u00e3o<\/h3>\n<\/div>\n<div class=\"coluna-direita\">Peter Mihaichuk<\/div>\n<\/div>\n<div class=\"linha\">\n<div class=\"coluna-esquerda\">\n<h3>Figurino<\/h3>\n<\/div>\n<div class=\"coluna-direita\">Jenifur Jarvis<\/div>\n<\/div>\n<div class=\"linha\">\n<div class=\"coluna-esquerda\">\n<h3>Empresas de Produ\u00e7\u00e3o<\/h3>\n<\/div>\n<div class=\"coluna-direita\">The Horror Section<br \/>\nMCT Studios<br \/>\nHead Gear Films (em associa\u00e7\u00e3o com)<br \/>\nSixth Dimension (em associa\u00e7\u00e3o com)<br \/>\nMetrol Technology (em associa\u00e7\u00e3o com)<br \/>\nMass Appeal (em associa\u00e7\u00e3o com)<br \/>\nDentsu (em associa\u00e7\u00e3o com)<\/div>\n<\/div>\n<\/div>\n[\/vc_column_text][\/vc_tta_section][vc_tta_section i_icon_fontawesome=&#8221;fa fa-solid fa-circle-question&#8221; add_icon=&#8221;true&#8221; title=&#8221;Curiosidades&#8221; tab_id=&#8221;curiosidades&#8221;][vc_column_text]\n<section class=\"curiosidades-filme\" aria-labelledby=\"curiosidades-o-sorveteiro-2026\">\n<div class=\"curiosidade-item\" style=\"text-align: justify;\">\n<p style=\"text-align: justify;\"><strong>O Sorveteiro<\/strong> (2026) n\u00e3o \u00e9 um remake de <a href=\"https:\/\/www.imdb.com\/title\/tt0113376\/?ref_=tttrv_tr\" target=\"_blank\" rel=\"noopener\"><em>O Sorveteiro<\/em><\/a> (1995), dirigido por Paul Norman, nem possui qualquer rela\u00e7\u00e3o com o epis\u00f3dio <a href=\"https:\/\/www.imdb.com\/title\/tt0817402\/?ref_=tttrv_tr\" target=\"_blank\" rel=\"noopener\"><em>We All Scream for Ice Cream<\/em><\/a> (2007), da s\u00e9rie <em>Mestres do Horror<\/em>. O filme de <strong>Eli Roth<\/strong> \u00e9 uma produ\u00e7\u00e3o independente, com hist\u00f3ria original assinada pelo pr\u00f3prio diretor em parceria com Noah Belson.<\/p>\n<\/div>\n<\/section>\n[\/vc_column_text][\/vc_tta_section][\/vc_tta_accordion][\/vc_column][\/vc_row][vc_row][vc_column][vc_row_inner css=&#8221;.vc_custom_1766559735752{background-color: #F5F5F5 !important;}&#8221;][vc_column_inner width=&#8221;1\/4&#8243;][vc_column_text]<a href=\"https:\/\/cinemaeafins.com.br\/filmes\/wp-content\/uploads\/2026\/08\/o-sorveteiro-2026-poster.webp\"><img loading=\"lazy\" decoding=\"async\" class=\"aligncenter wp-image-5942 size-medium\" title=\"P\u00f4ster de O Sorveteiro (2026)\" src=\"https:\/\/cinemaeafins.com.br\/filmes\/wp-content\/uploads\/2026\/08\/o-sorveteiro-2026-poster-200x300.webp\" alt=\"P\u00f4ster de O Sorveteiro (2026), filme de terror de Eli Roth, com crian\u00e7a segurando sorvete diante de caminh\u00e3o escolar ensanguentado\" width=\"200\" height=\"300\" srcset=\"https:\/\/cinemaeafins.com.br\/filmes\/wp-content\/uploads\/2026\/08\/o-sorveteiro-2026-poster-200x300.webp 200w, https:\/\/cinemaeafins.com.br\/filmes\/wp-content\/uploads\/2026\/08\/o-sorveteiro-2026-poster-683x1024.webp 683w, https:\/\/cinemaeafins.com.br\/filmes\/wp-content\/uploads\/2026\/08\/o-sorveteiro-2026-poster-768x1152.webp 768w, https:\/\/cinemaeafins.com.br\/filmes\/wp-content\/uploads\/2026\/08\/o-sorveteiro-2026-poster-1024x1536.webp 1024w, https:\/\/cinemaeafins.com.br\/filmes\/wp-content\/uploads\/2026\/08\/o-sorveteiro-2026-poster.webp 1280w\" sizes=\"auto, (max-width: 200px) 100vw, 200px\" \/><\/a><\/p>\n<div class=\"votacao-usuario\" style=\"text-align: center;\"><!--Yasr Visitor Votes Shortcode--><div id='yasr_visitor_votes_a6b06ab0896a8' class='yasr-visitor-votes'><div class=\"yasr-custom-text-vv-before yasr-custom-text-vv-before-5938\">Sua Avalia\u00e7\u00e3o<\/div><div id='yasr-vv-second-row-container-a6b06ab0896a8'\r\n                                        class='yasr-vv-second-row-container'><div id='yasr-visitor-votes-rater-a6b06ab0896a8'\r\n                                      class='yasr-rater-stars-vv'\r\n                                      data-rater-postid='5938'\r\n                                      data-rating='0'\r\n                                      data-rater-starsize='32'\r\n                                      data-rater-readonly='false'\r\n                                      data-rater-nonce='55ed9126d9'\r\n                                      data-issingular='false'\r\n                                    ><\/div><div class=\"yasr-vv-stats-text-container\" id=\"yasr-vv-stats-text-container-a6b06ab0896a8\"><svg xmlns=\"https:\/\/www.w3.org\/2000\/svg\" width=\"20\" height=\"20\"\r\n                                   class=\"yasr-dashicons-visitor-stats\"\r\n                                   data-postid=\"5938\"\r\n                                   id=\"yasr-stats-dashicon-a6b06ab0896a8\">\r\n                                   <path d=\"M18 18v-16h-4v16h4zM12 18v-11h-4v11h4zM6 18v-8h-4v8h4z\"><\/path>\r\n                               <\/svg><span id=\"yasr-vv-text-container-a6b06ab0896a8\" class=\"yasr-vv-text-container\"><\/span><\/div><div id='yasr-vv-loader-a6b06ab0896a8' class='yasr-vv-container-loader'><\/div><\/div><div id='yasr-vv-bottom-container-a6b06ab0896a8'\r\n                              class='yasr-vv-bottom-container'\r\n                              style='display:none'><\/div><\/div><!--End Yasr Visitor Votes Shortcode--><\/div>\n[\/vc_column_text][\/vc_column_inner][vc_column_inner width=&#8221;3\/4&#8243;][vc_column_text]<strong>T\u00edtulo original: <\/strong>Ice Cream Man<br \/>\n<strong>Nacionalidade: <\/strong><span class=\"that\">Estados Unidos<\/span><br \/>\n<b>G\u00eaneros: <\/b>Terror, Horror, Suspense<strong><br \/>\nAno de produ\u00e7\u00e3o: <\/strong>2026<strong><br \/>\nData de estreia: <\/strong>3 de setembro de 2026 (Cinema \u2013 Brasil)<strong><br \/>\nDire\u00e7\u00e3o: <\/strong>Eli Roth<strong><br \/>\nRoteiro: <\/strong>Eli Roth, Noah Belson<br \/>\n<strong>Dura\u00e7\u00e3o:<\/strong> 1 h 26 min<br \/>\n<strong>Classifica\u00e7\u00e3o:<\/strong> 18 Anos<br \/>\n<strong>Distribui\u00e7\u00e3o: <\/strong><a href=\"https:\/\/www.diamondfilms.com.br\/\" target=\"_blank\" rel=\"noopener\">Diamond Films<\/a>[\/vc_column_text][\/vc_column_inner][\/vc_row_inner][\/vc_column][\/vc_row]\n<\/div>","protected":false},"excerpt":{"rendered":"<p>O Sorveteiro: o novo terror de Eli Roth chega aos cinemas com muito gore e humor sombrio. Veja elenco, trailer, curiosidades e data de estreia.<\/p>\n","protected":false},"author":1,"featured_media":5940,"comment_status":"open","ping_status":"open","sticky":false,"template":"","format":"standard","meta":{"yasr_overall_rating":0,"yasr_post_is_review":"","yasr_auto_insert_disabled":"","yasr_review_type":"","iawp_total_views":6,"footnotes":""},"categories":[9],"tags":[],"diretor":[3651],"ator":[3608,3604,3617,3605,3602,3606,3609,3619,507,3625,3618,3622,3626,3614,3624,3620,3611,3615,3627,3612,3610,3623,3613,3621,3607,3603,3616,3628],"atriz":[3642,3635,3648,3645,3641,3638,3631,3644,3649,3636,3629,3637,3633,3647,3632,3646,3639,3630,3643,3650,3634,3640],"ano":[254],"pais":[],"genero":[2174,2198,2178],"compositor":[],"class_list":["post-5938","post","type-post","status-publish","format-standard","has-post-thumbnail","hentry","category-filme","diretor-eli-roth","ator-alex-armbruster","ator-ari-millen","ator-baeyen-hoffman","ator-benjamin-byron-davis","ator-charlie-zeltzer","ator-darrin-baker","ator-dylan-hawco","ator-eli-massillon","ator-eli-roth","ator-eliot-dahan","ator-ewan-wood","ator-ivano-dicaro","ator-jake-gosden","ator-jordan-poole","ator-joseph-la-marca","ator-justin-mader","ator-ken-hall","ator-kole-parks","ator-lochlan-miller","ator-lorenzo-antonicci","ator-luke-dietz","ator-matias-tafilica","ator-neil-adams","ator-ric-reid","ator-rodrigo-fernandez-stoll","ator-ryan-allen","ator-shiloh-oreilly","ator-tyler-ronald","atriz-addison-bell","atriz-amanda-barker","atriz-andriah-bryan","atriz-betty-volpe","atriz-breeze-dango","atriz-brittany-rae-robinson","atriz-carina-battrick","atriz-evelyn-chen","atriz-genevieve-duncan-reid","atriz-hailey-kittle","atriz-karen-cliche","atriz-kiera-laidman","atriz-kiori-mirza-waldman","atriz-lerato-tafa","atriz-lynne-griffin","atriz-mackenzie-karner","atriz-michele-kaye","atriz-sarah-abbott","atriz-sonam-kalsang","atriz-sophia-wilson","atriz-steffi-didomenicantonio","atriz-valentina-capetola","ano-254","genero-terror","genero-horror","genero-suspense"],"yasr_visitor_votes":{"stars_attributes":{"read_only":false,"span_bottom":false},"number_of_votes":0,"sum_votes":0},"_links":{"self":[{"href":"https:\/\/cinemaeafins.com.br\/filmes\/wp-json\/wp\/v2\/posts\/5938","targetHints":{"allow":["GET"]}}],"collection":[{"href":"https:\/\/cinemaeafins.com.br\/filmes\/wp-json\/wp\/v2\/posts"}],"about":[{"href":"https:\/\/cinemaeafins.com.br\/filmes\/wp-json\/wp\/v2\/types\/post"}],"author":[{"embeddable":true,"href":"https:\/\/cinemaeafins.com.br\/filmes\/wp-json\/wp\/v2\/users\/1"}],"replies":[{"embeddable":true,"href":"https:\/\/cinemaeafins.com.br\/filmes\/wp-json\/wp\/v2\/comments?post=5938"}],"version-history":[{"count":4,"href":"https:\/\/cinemaeafins.com.br\/filmes\/wp-json\/wp\/v2\/posts\/5938\/revisions"}],"predecessor-version":[{"id":5947,"href":"https:\/\/cinemaeafins.com.br\/filmes\/wp-json\/wp\/v2\/posts\/5938\/revisions\/5947"}],"wp:featuredmedia":[{"embeddable":true,"href":"https:\/\/cinemaeafins.com.br\/filmes\/wp-json\/wp\/v2\/media\/5940"}],"wp:attachment":[{"href":"https:\/\/cinemaeafins.com.br\/filmes\/wp-json\/wp\/v2\/media?parent=5938"}],"wp:term":[{"taxonomy":"category","embeddable":true,"href":"https:\/\/cinemaeafins.com.br\/filmes\/wp-json\/wp\/v2\/categories?post=5938"},{"taxonomy":"post_tag","embeddable":true,"href":"https:\/\/cinemaeafins.com.br\/filmes\/wp-json\/wp\/v2\/tags?post=5938"},{"taxonomy":"diretor","embeddable":true,"href":"https:\/\/cinemaeafins.com.br\/filmes\/wp-json\/wp\/v2\/diretor?post=5938"},{"taxonomy":"ator","embeddable":true,"href":"https:\/\/cinemaeafins.com.br\/filmes\/wp-json\/wp\/v2\/ator?post=5938"},{"taxonomy":"atriz","embeddable":true,"href":"https:\/\/cinemaeafins.com.br\/filmes\/wp-json\/wp\/v2\/atriz?post=5938"},{"taxonomy":"ano","embeddable":true,"href":"https:\/\/cinemaeafins.com.br\/filmes\/wp-json\/wp\/v2\/ano?post=5938"},{"taxonomy":"pais","embeddable":true,"href":"https:\/\/cinemaeafins.com.br\/filmes\/wp-json\/wp\/v2\/pais?post=5938"},{"taxonomy":"genero","embeddable":true,"href":"https:\/\/cinemaeafins.com.br\/filmes\/wp-json\/wp\/v2\/genero?post=5938"},{"taxonomy":"compositor","embeddable":true,"href":"https:\/\/cinemaeafins.com.br\/filmes\/wp-json\/wp\/v2\/compositor?post=5938"}],"curies":[{"name":"wp","href":"https:\/\/api.w.org\/{rel}","templated":true}]}}