{"id":5964,"date":"2026-09-01T09:40:24","date_gmt":"2026-09-01T12:40:24","guid":{"rendered":"https:\/\/cinemaeafins.com.br\/filmes\/?p=5964"},"modified":"2026-09-01T09:43:03","modified_gmt":"2026-09-01T12:43:03","slug":"minha-melhor-amiga-2026","status":"publish","type":"post","link":"https:\/\/cinemaeafins.com.br\/filmes\/minha-melhor-amiga-2026\/","title":{"rendered":"Minha Melhor Amiga (2026)"},"content":{"rendered":"<div class=\"wpb-content-wrapper\" id=\"wpb-content-root\">[vc_row][vc_column][vc_column_text]\n<p style=\"text-align: justify;\"><strong>Minha Melhor Amiga<\/strong> \u00e9 uma com\u00e9dia brasileira dirigida por <strong>Susana Garcia<\/strong> e estrelada por <strong>Ingrid Guimar\u00e3es<\/strong> e <strong>M\u00f4nica Martelli<\/strong>.<\/p>\n<p><!--more-->[\/vc_column_text][vc_column_text]\n<div class=\"sinopse-bloco\">\n<h3 style=\"text-align: center;\">Sinopse<\/h3>\n<p class=\"conteudo-sinopse\" style=\"text-align: justify;\">J\u00falia e Clara s\u00e3o melhores amigas e vivem o auge dos seus 50 anos. Quando suas filhas adolescentes, Manu e Isadora, viajam para Portugal para um interc\u00e2mbio, as duas precisam lidar com a saudade e o vazio deixado pelas meninas. Para fugir da rotina frustrante e dar um novo sentido \u00e0s pr\u00f3prias vidas, elas decidem embarcar juntas para a Europa. Por\u00e9m, ao chegarem em terras lusitanas, nem tudo sai como planejado, e o que deveria ser apenas uma viagem divertida se transforma em uma experi\u00eancia repleta de encontros, desencontros e descobertas que vai ressignificar a vida das duas.<\/p>\n<\/div>\n[\/vc_column_text][vc_column_text]\n<section class=\"ficha-tecnica-estilo-tabela trailers-section\" aria-label=\"Minha Melhor Amiga\">\n<article class=\"trailer-bloco\">\n<h3 style=\"text-align: center;\">Trailer<\/h3>\n<p><iframe loading=\"lazy\" title=\"YouTube video player\" src=\"https:\/\/www.youtube.com\/embed\/nf6OxQNIOeM?si=lGqwjcW2xhLh57g0\" width=\"560\" height=\"315\" frameborder=\"0\" allowfullscreen=\"allowfullscreen\"><\/iframe><\/p>\n<\/article>\n<\/section>\n[\/vc_column_text][vc_column_text]\n<section aria-labelledby=\"elenco-minha-melhor-amiga\">\n<h3 id=\"elenco-minha-melhor-amiga\" style=\"text-align: center;\">Elenco de Minha Melhor Amiga<\/h3>\n<table class=\"tabela-elenco-minha-melhor-amiga\">\n<thead>\n<tr>\n<th style=\"text-align: center;\" scope=\"col\">\ud83c\udfad Ator \/ Atriz<\/th>\n<th style=\"text-align: center;\" scope=\"col\">\ud83d\udc64 Personagem<\/th>\n<\/tr>\n<\/thead>\n<tbody>\n<tr>\n<td><a title=\"M\u00f4nica Martelli em Minha Melhor Amiga\" href=\"https:\/\/cinemaeafins.com.br\/filmes\/atriz\/monica-martelli\/\">M\u00f4nica Martelli<\/a><\/td>\n<td>J\u00falia<\/td>\n<\/tr>\n<tr>\n<td><a title=\"Ingrid Guimar\u00e3es em Minha Melhor Amiga\" href=\"https:\/\/cinemaeafins.com.br\/filmes\/atriz\/ingrid-guimaraes\/\">Ingrid Guimar\u00e3es<\/a><\/td>\n<td>Clara<\/td>\n<\/tr>\n<tr>\n<td><a title=\"Giulia Benite em Minha Melhor Amiga\" href=\"https:\/\/cinemaeafins.com.br\/filmes\/atriz\/giulia-benite\/\">Giulia Benite<\/a><\/td>\n<td>Manu<\/td>\n<\/tr>\n<tr>\n<td><a title=\"Gabi Amaral em Minha Melhor Amiga\" href=\"https:\/\/cinemaeafins.com.br\/filmes\/atriz\/gabi-amaral\/\">Gabi Amaral<\/a><\/td>\n<td>Isadora<\/td>\n<\/tr>\n<tr>\n<td><a title=\"Gustavo Machado em Minha Melhor Amiga\" href=\"https:\/\/cinemaeafins.com.br\/filmes\/ator\/gustavo-machado\/\">Gustavo Machado<\/a><\/td>\n<td>N\u00e3o divulgado<\/td>\n<\/tr>\n<tr>\n<td><a title=\"Albano Jer\u00f3nimo em Minha Melhor Amiga\" href=\"https:\/\/cinemaeafins.com.br\/filmes\/ator\/albano-jeronimo\/\">Albano Jer\u00f3nimo<\/a><\/td>\n<td>N\u00e3o divulgado<\/td>\n<\/tr>\n<tr>\n<td><a title=\"Alejandro Albarrac\u00edn em Minha Melhor Amiga\" href=\"https:\/\/cinemaeafins.com.br\/filmes\/ator\/alejandro-albarracin\/\">Alejandro Albarrac\u00edn<\/a><\/td>\n<td>Ram\u00f3n<\/td>\n<\/tr>\n<tr>\n<td><a title=\"Ricardo Pereira em Minha Melhor Amiga\" href=\"https:\/\/cinemaeafins.com.br\/filmes\/ator\/ricardo-pereira\/\">Ricardo Pereira<\/a><\/td>\n<td>N\u00e3o divulgado<\/td>\n<\/tr>\n<tr>\n<td><a title=\"\u00c2ngelo Rodrigues em Minha Melhor Amiga\" href=\"https:\/\/cinemaeafins.com.br\/filmes\/ator\/angelo-rodrigues\/\">\u00c2ngelo Rodrigues<\/a><\/td>\n<td>N\u00e3o divulgado<\/td>\n<\/tr>\n<tr>\n<td><a title=\"Thaila Ayala em Minha Melhor Amiga\" href=\"https:\/\/cinemaeafins.com.br\/filmes\/atriz\/thaila-ayala\/\">Thaila Ayala<\/a><\/td>\n<td>N\u00e3o divulgado<\/td>\n<\/tr>\n<tr>\n<td><a title=\"Michel Melamed em Minha Melhor Amiga\" href=\"https:\/\/cinemaeafins.com.br\/filmes\/ator\/michel-melamed\/\">Michel Melamed<\/a><\/td>\n<td>N\u00e3o divulgado<\/td>\n<\/tr>\n<tr>\n<td><a title=\"Frederico Amaral em Minha Melhor Amiga\" href=\"https:\/\/cinemaeafins.com.br\/filmes\/ator\/frederico-amaral\/\">Frederico Amaral<\/a><\/td>\n<td>N\u00e3o divulgado<\/td>\n<\/tr>\n<\/tbody>\n<\/table>\n<\/section>\n[\/vc_column_text][\/vc_column][\/vc_row][vc_row][vc_column][vc_tta_accordion style=&#8221;modern&#8221; active_title_color=&#8221;#666&#8243; inactive_title_color=&#8221;#666&#8243; section_title_tag=&#8221;h3&#8243; spacing=&#8221;3px&#8221; collapsible_all=&#8221;true&#8221; active_section=&#8221;&#8221;][vc_tta_section i_icon_fontawesome=&#8221;fa fa-solid fa-list-ul&#8221; add_icon=&#8221;true&#8221; title=&#8221;Equipe&#8221; tab_id=&#8221;equipe&#8221;][vc_column_text]\n<div class=\"ficha-tecnica-estilo-tabela\">\n<div class=\"linha\">\n<div class=\"coluna-esquerda\">\n<h3>Produ\u00e7\u00e3o<\/h3>\n<\/div>\n<div class=\"coluna-direita\">Marcio Fraccaroli<br \/>\nAndr\u00e9 Fraccaroli<br \/>\nVeronica Stumpf<\/div>\n<\/div>\n<div class=\"linha\">\n<div class=\"coluna-esquerda\">\n<h3>Roteiro<\/h3>\n<\/div>\n<div class=\"coluna-direita\">Susana Garcia<br \/>\nIngrid Guimar\u00e3es<br \/>\nM\u00f4nica Martelli<br \/>\nAndrea Batitucci<br \/>\nPatricia Leme<br \/>\nLuisa Capri<br \/>\nTati Bernardi<\/div>\n<\/div>\n<div class=\"linha\">\n<div class=\"coluna-esquerda\">\n<h3>Dire\u00e7\u00e3o<\/h3>\n<\/div>\n<div class=\"coluna-direita\">Susana Garcia<\/div>\n<\/div>\n<div class=\"linha\">\n<div class=\"coluna-esquerda\">\n<h3>Diretor de Fotografia<\/h3>\n<\/div>\n<div class=\"coluna-direita\">Rodrigo Monte<\/div>\n<\/div>\n<div class=\"linha\">\n<div class=\"coluna-esquerda\">\n<h3>Edi\u00e7\u00e3o<\/h3>\n<\/div>\n<div class=\"coluna-direita\">Mariana Flor<br \/>\nLeonardo Gouvea<\/div>\n<\/div>\n<div class=\"linha\">\n<div class=\"coluna-esquerda\">\n<h3>Dire\u00e7\u00e3o de Elenco<\/h3>\n<\/div>\n<div class=\"coluna-direita\">Marcela Altberg<\/div>\n<\/div>\n<div class=\"linha\">\n<div class=\"coluna-esquerda\">\n<h3>Compositor<\/h3>\n<\/div>\n<div class=\"coluna-direita\">N\u00e3o divulgado<\/div>\n<\/div>\n<div class=\"linha\">\n<div class=\"coluna-esquerda\">\n<h3>Empresas de Produ\u00e7\u00e3o<\/h3>\n<\/div>\n<div class=\"coluna-direita\">Paris Entretenimento<\/div>\n<\/div>\n<div class=\"linha\">\n<div class=\"coluna-esquerda\">\n<h3>Distribui\u00e7\u00e3o<\/h3>\n<\/div>\n<div class=\"coluna-direita\">Paris Filmes<\/div>\n<\/div>\n<\/div>\n[\/vc_column_text][\/vc_tta_section][vc_tta_section i_icon_fontawesome=&#8221;fa fa-solid fa-circle-question&#8221; add_icon=&#8221;true&#8221; title=&#8221;Curiosidades&#8221; tab_id=&#8221;curiosidades&#8221;][vc_column_text]\n<section class=\"curiosidades-filme\" aria-labelledby=\"curiosidades-minha-melhor-amiga\">\n<div class=\"curiosidade-item\" style=\"text-align: justify;\">O filme \u00e9 inspirado nas experi\u00eancias reais de <strong>Ingrid Guimar\u00e3es<\/strong> e <strong>M\u00f4nica Martelli<\/strong> durante viagens que fizeram com suas filhas adolescentes. As experi\u00eancias da dupla serviram de inspira\u00e7\u00e3o para a hist\u00f3ria e para as protagonistas J\u00falia e Clara.<\/div>\n<div class=\"curiosidade-item\" style=\"text-align: justify;\"><strong>Minha Melhor Amiga<\/strong> marca a primeira vez que Ingrid Guimar\u00e3es e M\u00f4nica Martelli contracenam juntas no cinema, levando para as telas a amizade que as duas mant\u00eam na vida real.<\/div>\n<div class=\"curiosidade-item\" style=\"text-align: justify;\">As filmagens aconteceram em diferentes localidades, incluindo <strong>Rio de Janeiro, Lisboa e Sevilha<\/strong>, acompanhando a viagem das protagonistas pela Europa.<\/div>\n<div class=\"curiosidade-item\" style=\"text-align: justify;\">Na hist\u00f3ria, as personagens J\u00falia e Clara s\u00e3o m\u00e3es de adolescentes. J\u00falia, interpretada por M\u00f4nica Martelli, \u00e9 uma jornalista divorciada, enquanto Clara, vivida por Ingrid Guimar\u00e3es, enfrenta uma crise no casamento e uma rotina profissional e familiar frustrante.<\/div>\n<\/section>\n[\/vc_column_text][\/vc_tta_section][\/vc_tta_accordion][\/vc_column][\/vc_row][vc_row][vc_column][vc_row_inner css=&#8221;.vc_custom_1766559735752{background-color: #F5F5F5 !important;}&#8221;][vc_column_inner width=&#8221;1\/4&#8243;][vc_column_text]<a href=\"https:\/\/cinemaeafins.com.br\/wp-content\/uploads\/2026\/08\/minha-melhor-amiga-poster.webp\"><img loading=\"lazy\" decoding=\"async\" class=\"aligncenter wp-image-72757 size-medium\" title=\"P\u00f4ster do filme Minha Melhor Amiga\" src=\"https:\/\/cinemaeafins.com.br\/wp-content\/uploads\/2026\/08\/minha-melhor-amiga-poster-200x300.webp\" alt=\"P\u00f4ster do filme Minha Melhor Amiga com Ingrid Guimar\u00e3es e M\u00f4nica Martelli em Sevilha\" width=\"200\" height=\"300\" \/><\/a>[\/vc_column_text][\/vc_column_inner][vc_column_inner width=&#8221;3\/4&#8243;][vc_column_text]<strong>T\u00edtulo original: <\/strong>Minha Melhor Amiga<br \/>\n<strong>Nacionalidade: <\/strong><span class=\"that\">Brasil<\/span><br \/>\n<b>G\u00eanero: <\/b>Com\u00e9dia<strong><br \/>\nAno de produ\u00e7\u00e3o: <\/strong>2026<strong><br \/>\nData de estreia: <\/strong><a title=\"Estreias de 03 de setembro de 2026\" href=\"https:\/\/cinemaeafins.com.br\/estreias-da-semana-03-de-setembro-de-2026\/\">03 de setembro de 2026<\/a> (Cinema \u2013 Brasil)<strong><br \/>\nDire\u00e7\u00e3o: <\/strong>Susana Garcia<strong><br \/>\nRoteiro: <\/strong>Susana Garcia, Ingrid Guimar\u00e3es, M\u00f4nica Martelli, Andrea Batitucci, Patricia Leme, Luisa Capri e Tati Bernardi<br \/>\n<strong>Dura\u00e7\u00e3o:<\/strong> 2 h 05 min<br \/>\n<strong>Classifica\u00e7\u00e3o:<\/strong> 12 Anos<br \/>\n<strong>Distribui\u00e7\u00e3o: <\/strong><a title=\"Paris Filmes\" href=\"https:\/\/www.parisfilmes.com.br\/\" target=\"_blank\" rel=\"noopener\">Paris Filmes<\/a>[\/vc_column_text][\/vc_column_inner][\/vc_row_inner][\/vc_column][\/vc_row]\n<\/div>","protected":false},"excerpt":{"rendered":"<p>Conhe\u00e7a Minha Melhor Amiga, com\u00e9dia de 2026 estrelada por M\u00f4nica Martelli e Ingrid Guimar\u00e3es. Confira sinopse, elenco, trailer e ficha t\u00e9cnica.<\/p>\n","protected":false},"author":1,"featured_media":5967,"comment_status":"open","ping_status":"open","sticky":false,"template":"","format":"standard","meta":{"yasr_overall_rating":0,"yasr_post_is_review":"","yasr_auto_insert_disabled":"","yasr_review_type":"","iawp_total_views":20,"footnotes":""},"categories":[9],"tags":[],"diretor":[3706],"ator":[3696,3694,3699,3695,3697,3700,3698],"atriz":[3704,3703,3702,3701,3705],"ano":[254],"pais":[784],"genero":[2175],"compositor":[],"class_list":["post-5964","post","type-post","status-publish","format-standard","has-post-thumbnail","hentry","category-filme","diretor-susana-garcia","ator-albano-jeronimo","ator-alejandro-albarracin","ator-angelo-rodrigues","ator-frederico-amaral","ator-gustavo-machado","ator-michel-melamed","ator-ricardo-pereira","atriz-gabi-amaral","atriz-giulia-benite","atriz-ingrid-guimaraes","atriz-monica-martelli","atriz-thaila-ayala","ano-254","pais-brasil","genero-comedia"],"yasr_visitor_votes":{"stars_attributes":{"read_only":false,"span_bottom":false},"number_of_votes":0,"sum_votes":0},"_links":{"self":[{"href":"https:\/\/cinemaeafins.com.br\/filmes\/wp-json\/wp\/v2\/posts\/5964","targetHints":{"allow":["GET"]}}],"collection":[{"href":"https:\/\/cinemaeafins.com.br\/filmes\/wp-json\/wp\/v2\/posts"}],"about":[{"href":"https:\/\/cinemaeafins.com.br\/filmes\/wp-json\/wp\/v2\/types\/post"}],"author":[{"embeddable":true,"href":"https:\/\/cinemaeafins.com.br\/filmes\/wp-json\/wp\/v2\/users\/1"}],"replies":[{"embeddable":true,"href":"https:\/\/cinemaeafins.com.br\/filmes\/wp-json\/wp\/v2\/comments?post=5964"}],"version-history":[{"count":5,"href":"https:\/\/cinemaeafins.com.br\/filmes\/wp-json\/wp\/v2\/posts\/5964\/revisions"}],"predecessor-version":[{"id":5970,"href":"https:\/\/cinemaeafins.com.br\/filmes\/wp-json\/wp\/v2\/posts\/5964\/revisions\/5970"}],"wp:featuredmedia":[{"embeddable":true,"href":"https:\/\/cinemaeafins.com.br\/filmes\/wp-json\/wp\/v2\/media\/5967"}],"wp:attachment":[{"href":"https:\/\/cinemaeafins.com.br\/filmes\/wp-json\/wp\/v2\/media?parent=5964"}],"wp:term":[{"taxonomy":"category","embeddable":true,"href":"https:\/\/cinemaeafins.com.br\/filmes\/wp-json\/wp\/v2\/categories?post=5964"},{"taxonomy":"post_tag","embeddable":true,"href":"https:\/\/cinemaeafins.com.br\/filmes\/wp-json\/wp\/v2\/tags?post=5964"},{"taxonomy":"diretor","embeddable":true,"href":"https:\/\/cinemaeafins.com.br\/filmes\/wp-json\/wp\/v2\/diretor?post=5964"},{"taxonomy":"ator","embeddable":true,"href":"https:\/\/cinemaeafins.com.br\/filmes\/wp-json\/wp\/v2\/ator?post=5964"},{"taxonomy":"atriz","embeddable":true,"href":"https:\/\/cinemaeafins.com.br\/filmes\/wp-json\/wp\/v2\/atriz?post=5964"},{"taxonomy":"ano","embeddable":true,"href":"https:\/\/cinemaeafins.com.br\/filmes\/wp-json\/wp\/v2\/ano?post=5964"},{"taxonomy":"pais","embeddable":true,"href":"https:\/\/cinemaeafins.com.br\/filmes\/wp-json\/wp\/v2\/pais?post=5964"},{"taxonomy":"genero","embeddable":true,"href":"https:\/\/cinemaeafins.com.br\/filmes\/wp-json\/wp\/v2\/genero?post=5964"},{"taxonomy":"compositor","embeddable":true,"href":"https:\/\/cinemaeafins.com.br\/filmes\/wp-json\/wp\/v2\/compositor?post=5964"}],"curies":[{"name":"wp","href":"https:\/\/api.w.org\/{rel}","templated":true}]}}