{"id":4885,"date":"2026-08-27T09:19:48","date_gmt":"2026-08-27T12:19:48","guid":{"rendered":"https:\/\/cinemaeafins.com.br\/trilhas\/?p=4885"},"modified":"2026-08-28T00:14:33","modified_gmt":"2026-08-28T03:14:33","slug":"ponto-sem-retorno-2026","status":"publish","type":"post","link":"https:\/\/cinemaeafins.com.br\/trilhas\/ponto-sem-retorno-2026\/","title":{"rendered":"Ponto Sem Retorno (2026)"},"content":{"rendered":"<div class=\"wpb-content-wrapper\" id=\"wpb-content-root\">[vc_row][vc_column][vc_column_text]\n<p style=\"text-align: justify;\">A <strong>Hollywood Records<\/strong> divulgou os detalhes da trilha sonora de <a title=\"Sobre Ponto Sem Retorno\" href=\"https:\/\/cinemaeafins.com.br\/filmes\/ponto-sem-retorno-2026\/\" target=\"_blank\" rel=\"noopener\">Ponto Sem Retorno<\/a> (<em>The Dog Stars<\/em>, 2026), novo longa-metragem dirigido por <strong>Ridley Scott<\/strong> (Gladiador 2) e estrelado por <strong>Jacob Elordi<\/strong> (Frankenstein) e <strong>Josh Brolin<\/strong> (A Hora do Mal).<\/p>\n<p style=\"text-align: justify;\">O \u00e1lbum re\u00fane a m\u00fasica original composta por <a title=\"Sobre Harry Gregson-Williams\" href=\"https:\/\/cinemaeafins.com.br\/trilhas\/harry-gregson-williams\/\">Harry Gregson-Williams<\/a>, colaborador frequente de Ridley Scott em produ\u00e7\u00f5es como <em>Cruzada<\/em>, <em>Perdido em Marte<\/em> e <em>Gladiador II<\/em>. A trilha sonora ser\u00e1 lan\u00e7ada digitalmente nesta sexta-feira, <strong>28 de agosto<\/strong>, mesma data da estreia de <em>Ponto Sem Retorno<\/em> nos cinemas dos Estados Unidos.<\/p>\n<p style=\"text-align: justify;\">Confira abaixo a playlist completa da trilha sonora de <strong>Ponto Sem Retorno<\/strong>.<\/p>\n<p><!--more--><\/p>\n<figure id=\"attachment_4888\" aria-describedby=\"caption-attachment-4888\" style=\"width: 780px\" class=\"wp-caption aligncenter\"><a href=\"https:\/\/cinemaeafins.com.br\/trilhas\/wp-content\/uploads\/2026\/08\/trilha-sonora-de-ponto-sem-retorno.webp\"><img loading=\"lazy\" decoding=\"async\" class=\"wp-image-4888 size-full\" title=\"Trilha sonora de Ponto Sem Retorno (2026)\" src=\"https:\/\/cinemaeafins.com.br\/trilhas\/wp-content\/uploads\/2026\/08\/trilha-sonora-de-ponto-sem-retorno.webp\" alt=\"Trilha sonora de Ponto Sem Retorno (2026), com Jacob Elordi e Josh Brolin, composta por Harry Gregson-Williams\" width=\"780\" height=\"779\" srcset=\"https:\/\/cinemaeafins.com.br\/trilhas\/wp-content\/uploads\/2026\/08\/trilha-sonora-de-ponto-sem-retorno.webp 780w, https:\/\/cinemaeafins.com.br\/trilhas\/wp-content\/uploads\/2026\/08\/trilha-sonora-de-ponto-sem-retorno-300x300.webp 300w, https:\/\/cinemaeafins.com.br\/trilhas\/wp-content\/uploads\/2026\/08\/trilha-sonora-de-ponto-sem-retorno-150x150.webp 150w, https:\/\/cinemaeafins.com.br\/trilhas\/wp-content\/uploads\/2026\/08\/trilha-sonora-de-ponto-sem-retorno-768x767.webp 768w\" sizes=\"auto, (max-width: 780px) 100vw, 780px\" \/><\/a><figcaption id=\"caption-attachment-4888\" class=\"wp-caption-text\">Capa da trilha sonora de Ponto Sem Retorno (The Dog Stars), com m\u00fasica original composta por Harry Gregson-Williams.<\/figcaption><\/figure>\n[\/vc_column_text][vc_column_text]\n<h2 style=\"text-align: center;\">\ud83c\udfb5 Trilha Sonora de Ponto Sem Retorno<\/h2>\n<table>\n<thead>\n<tr>\n<th scope=\"col\">Faixa<\/th>\n<th scope=\"col\">T\u00edtulo<\/th>\n<th scope=\"col\">Dura\u00e7\u00e3o<\/th>\n<\/tr>\n<\/thead>\n<tbody>\n<tr>\n<td>1<\/td>\n<td>First Flight<\/td>\n<td>2:22<\/td>\n<\/tr>\n<tr>\n<td>2<\/td>\n<td>Getting Supplies<\/td>\n<td>2:53<\/td>\n<\/tr>\n<tr>\n<td>3<\/td>\n<td>Roaches in Town<\/td>\n<td>2:54<\/td>\n<\/tr>\n<tr>\n<td>4<\/td>\n<td>Visiting the Mennonites<\/td>\n<td>3:23<\/td>\n<\/tr>\n<tr>\n<td>5<\/td>\n<td>Where\u2019s Jasper<\/td>\n<td>5:18<\/td>\n<\/tr>\n<tr>\n<td>6<\/td>\n<td>Bangley<\/td>\n<td>3:38<\/td>\n<\/tr>\n<tr>\n<td>7<\/td>\n<td>Cima<\/td>\n<td>2:55<\/td>\n<\/tr>\n<tr>\n<td>8<\/td>\n<td>Up in the Air<\/td>\n<td>3:04<\/td>\n<\/tr>\n<tr>\n<td>9<\/td>\n<td>Clearing the Way<\/td>\n<td>1:53<\/td>\n<\/tr>\n<tr>\n<td>10<\/td>\n<td>Bangley\u2019s Last Stand<\/td>\n<td>3:49<\/td>\n<\/tr>\n<tr>\n<td>11<\/td>\n<td>They\u2019ve Spotted You, Hig<\/td>\n<td>4:18<\/td>\n<\/tr>\n<tr>\n<td>12<\/td>\n<td>Heading to Grand Junction<\/td>\n<td>3:15<\/td>\n<\/tr>\n<tr>\n<td>13<\/td>\n<td>Darlene<\/td>\n<td>2:33<\/td>\n<\/tr>\n<tr>\n<td>14<\/td>\n<td>Back to Eerie<\/td>\n<td>3:01<\/td>\n<\/tr>\n<tr>\n<td>15<\/td>\n<td>Mennonite Folk Song<\/td>\n<td>1:15<\/td>\n<\/tr>\n<tr>\n<td>16<\/td>\n<td>Hig Goes Home<\/td>\n<td>2:20<\/td>\n<\/tr>\n<tr>\n<td>17<\/td>\n<td>World Without End<\/td>\n<td>3:11<\/td>\n<\/tr>\n<\/tbody>\n<tfoot>\n<tr>\n<th style=\"text-align: right;\" colspan=\"2\">\u23f1\ufe0f Dura\u00e7\u00e3o total<\/th>\n<th style=\"text-align: center;\">52 min 02 seg<\/th>\n<\/tr>\n<\/tfoot>\n<\/table>\n[\/vc_column_text][vc_column_text]<iframe loading=\"lazy\" title=\"Trailer de Ponto Sem Retorno (2026)\" src=\"https:\/\/www.youtube.com\/embed\/s6rUs9E75BQ?si=6B1DptY1XqUdj-2b\" width=\"560\" height=\"315\" frameborder=\"0\" allowfullscreen=\"allowfullscreen\"><\/iframe>[\/vc_column_text][\/vc_column][\/vc_row][vc_row][vc_column][vc_column_text]\n<h2 style=\"text-align: center;\">Sobre o filme<\/h2>\n<p style=\"text-align: justify;\"><strong>Ponto Sem Retorno<\/strong> (<em>The Dog Stars<\/em>, 2026) \u00e9 um thriller p\u00f3s-apocal\u00edptico dirigido por <strong>Ridley Scott<\/strong> e baseado no romance hom\u00f4nimo de <strong>Peter Heller<\/strong>.<\/p>\n<p style=\"text-align: justify;\">Ambientado ap\u00f3s uma pandemia devastadora que praticamente dizimou a humanidade, o filme acompanha um sobrevivente que vive isolado em um mundo marcado pela viol\u00eancia, pela escassez e pelo colapso das estruturas sociais. A descoberta de uma misteriosa transmiss\u00e3o de r\u00e1dio, por\u00e9m, reacende a esperan\u00e7a de encontrar outras pessoas e uma possibilidade de reconstruir a vida em meio ao caos.<\/p>\n[\/vc_column_text][vc_row_inner css=&#8221;.vc_custom_1592964148190{background-color: #eaeaeaea !important;}&#8221;][vc_column_inner width=&#8221;1\/4&#8243;][vc_column_text]<a href=\"https:\/\/cinemaeafins.com.br\/filmes\/wp-content\/uploads\/2026\/07\/ponto-sem-retorno-2026-poster.webp\"><img loading=\"lazy\" decoding=\"async\" class=\"aligncenter wp-image-5522 size-medium\" title=\"P\u00f4ster oficial de Ponto Sem Retorno (2026) \" src=\"https:\/\/cinemaeafins.com.br\/filmes\/wp-content\/uploads\/2026\/07\/ponto-sem-retorno-2026-poster-240x300.webp\" alt=\"P\u00f4ster oficial de Ponto Sem Retorno (2026) com Jacob Elordi, Josh Brolin, Margaret Qualley e Guy Pearce em um cen\u00e1rio p\u00f3s-apocal\u00edptico, acompanhados por um c\u00e3o diante de uma aeronave.\" width=\"240\" height=\"300\" \/><\/a>[\/vc_column_text][\/vc_column_inner][vc_column_inner width=&#8221;3\/4&#8243;][vc_column_text]<strong>G\u00eaneros: <\/strong>A\u00e7\u00e3o, Fic\u00e7\u00e3o Cient\u00edfica, Suspense<strong><br \/>\nAno de produ\u00e7\u00e3o: <\/strong>2026<strong><br \/>\nData de estreia: <\/strong>27 de agosto de 2026 (Cinema)<strong><br \/>\nElenco: <\/strong>Jacob Elordi, Josh Brolin, Margaret Qualley, Guy Pearce, Benedict Wong, Allison Janney<strong><br \/>\nDire\u00e7\u00e3o: <\/strong>Ridley Scott<strong><br \/>\nRoteiro: <\/strong>Mark L. Smith<strong><br \/>\nDura\u00e7\u00e3o:<\/strong> 1 h 58 min<br \/>\n<strong>Classifica\u00e7\u00e3o:<\/strong> 16 Anos<strong><br \/>\nDistribui\u00e7\u00e3o:<\/strong> <a title=\"Walt Disney Studios\" href=\"https:\/\/www.disneystudios.com\/\" target=\"_blank\" rel=\"noopener\">Walt Disney Studios<\/a>[\/vc_column_text][\/vc_column_inner][\/vc_row_inner][\/vc_column][\/vc_row]\n<\/div>","protected":false},"excerpt":{"rendered":"<p>A trilha sonora de Ponto Sem Retorno, novo filme de Ridley Scott, ser\u00e1 lan\u00e7ada com 17 faixas de Harry Gregson-Williams. Confira a playlist completa.<\/p>\n","protected":false},"author":1,"featured_media":4887,"comment_status":"closed","ping_status":"closed","sticky":false,"template":"","format":"standard","meta":{"iawp_total_views":95,"footnotes":""},"categories":[4,92],"tags":[143],"compositor":[913],"class_list":["post-4885","post","type-post","status-publish","format-standard","has-post-thumbnail","hentry","category-trilha-sonora","category-filme","tag-hollywood-records","compositor-harry-gregson-williams"],"_links":{"self":[{"href":"https:\/\/cinemaeafins.com.br\/trilhas\/wp-json\/wp\/v2\/posts\/4885","targetHints":{"allow":["GET"]}}],"collection":[{"href":"https:\/\/cinemaeafins.com.br\/trilhas\/wp-json\/wp\/v2\/posts"}],"about":[{"href":"https:\/\/cinemaeafins.com.br\/trilhas\/wp-json\/wp\/v2\/types\/post"}],"author":[{"embeddable":true,"href":"https:\/\/cinemaeafins.com.br\/trilhas\/wp-json\/wp\/v2\/users\/1"}],"replies":[{"embeddable":true,"href":"https:\/\/cinemaeafins.com.br\/trilhas\/wp-json\/wp\/v2\/comments?post=4885"}],"version-history":[{"count":3,"href":"https:\/\/cinemaeafins.com.br\/trilhas\/wp-json\/wp\/v2\/posts\/4885\/revisions"}],"predecessor-version":[{"id":4890,"href":"https:\/\/cinemaeafins.com.br\/trilhas\/wp-json\/wp\/v2\/posts\/4885\/revisions\/4890"}],"wp:featuredmedia":[{"embeddable":true,"href":"https:\/\/cinemaeafins.com.br\/trilhas\/wp-json\/wp\/v2\/media\/4887"}],"wp:attachment":[{"href":"https:\/\/cinemaeafins.com.br\/trilhas\/wp-json\/wp\/v2\/media?parent=4885"}],"wp:term":[{"taxonomy":"category","embeddable":true,"href":"https:\/\/cinemaeafins.com.br\/trilhas\/wp-json\/wp\/v2\/categories?post=4885"},{"taxonomy":"post_tag","embeddable":true,"href":"https:\/\/cinemaeafins.com.br\/trilhas\/wp-json\/wp\/v2\/tags?post=4885"},{"taxonomy":"compositor","embeddable":true,"href":"https:\/\/cinemaeafins.com.br\/trilhas\/wp-json\/wp\/v2\/compositor?post=4885"}],"curies":[{"name":"wp","href":"https:\/\/api.w.org\/{rel}","templated":true}]}}