{"id":4891,"date":"2026-08-27T10:15:28","date_gmt":"2026-08-27T13:15:28","guid":{"rendered":"https:\/\/cinemaeafins.com.br\/trilhas\/?p=4891"},"modified":"2026-08-27T10:15:28","modified_gmt":"2026-08-27T13:15:28","slug":"gutierrez-contra-o-crime-2026","status":"publish","type":"post","link":"https:\/\/cinemaeafins.com.br\/trilhas\/gutierrez-contra-o-crime-2026\/","title":{"rendered":"Guti\u00e9rrez Contra o Crime (2026)"},"content":{"rendered":"<div class=\"wpb-content-wrapper\" id=\"wpb-content-root\">[vc_row][vc_column][vc_column_text]\n<p style=\"text-align: justify;\">A <a title=\"Trilhas Sonora de Hollywood Records\" href=\"https:\/\/cinemaeafins.com.br\/trilhas\/tag\/hollywood-records\/\">Hollywood Records<\/a> lan\u00e7ou a trilha sonora de <strong>Guti\u00e9rrez Contra o Crime<\/strong> (<em>Guti\u00e9rrez Is mai neim<\/em>), s\u00e9rie argentina de com\u00e9dia policial do <strong>Disney+<\/strong>, estrelada por <strong>Dar\u00edo Barassi<\/strong> (<em>Meu Querido Zelador<\/em>) e <strong>Yayo Guridi<\/strong> (<em>Cora\u00e7\u00e3o Delator<\/em>).<\/p>\n<p style=\"text-align: justify;\">O \u00e1lbum re\u00fane uma sele\u00e7\u00e3o de m\u00fasicas originais da s\u00e9rie, compostas por <strong>Sergei Grosny<\/strong>, respons\u00e1vel pela trilha de produ\u00e7\u00f5es como <em>A Hora dos Valentes<\/em> e <em>Divis\u00e3o Palermo<\/em>. Confira abaixo a playlist completa da trilha sonora de <strong>Guti\u00e9rrez Contra o Crime<\/strong>:<\/p>\n<p><!--more--><\/p>\n<figure id=\"attachment_4894\" aria-describedby=\"caption-attachment-4894\" style=\"width: 600px\" class=\"wp-caption aligncenter\"><a href=\"https:\/\/cinemaeafins.com.br\/trilhas\/wp-content\/uploads\/2026\/08\/trilha-sonora-de-gutierrez-contra-o-crime-2026.webp\"><img loading=\"lazy\" decoding=\"async\" class=\"size-full wp-image-4894\" src=\"https:\/\/cinemaeafins.com.br\/trilhas\/wp-content\/uploads\/2026\/08\/trilha-sonora-de-gutierrez-contra-o-crime-2026.webp\" alt=\"Capa da trilha sonora de Guti\u00e9rrez Contra o Crime (2026), com Dar\u00edo Barassi e Yayo Guridi\" width=\"600\" height=\"600\" srcset=\"https:\/\/cinemaeafins.com.br\/trilhas\/wp-content\/uploads\/2026\/08\/trilha-sonora-de-gutierrez-contra-o-crime-2026.webp 600w, https:\/\/cinemaeafins.com.br\/trilhas\/wp-content\/uploads\/2026\/08\/trilha-sonora-de-gutierrez-contra-o-crime-2026-300x300.webp 300w, https:\/\/cinemaeafins.com.br\/trilhas\/wp-content\/uploads\/2026\/08\/trilha-sonora-de-gutierrez-contra-o-crime-2026-150x150.webp 150w\" sizes=\"auto, (max-width: 600px) 100vw, 600px\" \/><\/a><figcaption id=\"caption-attachment-4894\" class=\"wp-caption-text\">Capa da trilha sonora original de Guti\u00e9rrez Contra o Crime (2026), composta por Sergei Grosny.<\/figcaption><\/figure>\n[\/vc_column_text][vc_column_text]\n<h2>\ud83c\udfb5 Trilha Sonora de Guti\u00e9rrez Contra o Crime<\/h2>\n<table>\n<thead>\n<tr>\n<th scope=\"col\">Faixa<\/th>\n<th scope=\"col\">M\u00fasica<\/th>\n<th scope=\"col\">Compositor<\/th>\n<th scope=\"col\">Dura\u00e7\u00e3o<\/th>\n<\/tr>\n<\/thead>\n<tbody>\n<tr>\n<td>1<\/td>\n<td>Gutierrez en War Room<\/td>\n<td>Sergei Grosny<\/td>\n<td>0:54<\/td>\n<\/tr>\n<tr>\n<td>2<\/td>\n<td>Torcoletti<\/td>\n<td>Sergei Grosny<\/td>\n<td>0:32<\/td>\n<\/tr>\n<tr>\n<td>3<\/td>\n<td>Giant dormido<\/td>\n<td>Sergei Grosny<\/td>\n<td>1:05<\/td>\n<\/tr>\n<tr>\n<td>4<\/td>\n<td>Gutierrez world<\/td>\n<td>Sergei Grosny<\/td>\n<td>2:05<\/td>\n<\/tr>\n<tr>\n<td>5<\/td>\n<td>Robo o bondiola<\/td>\n<td>Sergei Grosny<\/td>\n<td>1:00<\/td>\n<\/tr>\n<tr>\n<td>6<\/td>\n<td>Gutierrez y Torcoletti investigan<\/td>\n<td>Sergei Grosny<\/td>\n<td>1:03<\/td>\n<\/tr>\n<tr>\n<td>7<\/td>\n<td>Yoli<\/td>\n<td>Sergei Grosny<\/td>\n<td>2:01<\/td>\n<\/tr>\n<tr>\n<td>8<\/td>\n<td>Lewandoski<\/td>\n<td>Sergei Grosny<\/td>\n<td>1:11<\/td>\n<\/tr>\n<tr>\n<td>9<\/td>\n<td>Parripollo federal<\/td>\n<td>Sergei Grosny<\/td>\n<td>1:06<\/td>\n<\/tr>\n<tr>\n<td>10<\/td>\n<td>Laferrere<\/td>\n<td>Sergei Grosny<\/td>\n<td>1:00<\/td>\n<\/tr>\n<tr>\n<td>11<\/td>\n<td>Tiros en el campo<\/td>\n<td>Sergei Grosny<\/td>\n<td>0:47<\/td>\n<\/tr>\n<tr>\n<td>12<\/td>\n<td>Izquierda o derecha<\/td>\n<td>Sergei Grosny<\/td>\n<td>1:57<\/td>\n<\/tr>\n<tr>\n<td>13<\/td>\n<td>De Rusia with love<\/td>\n<td>Sergei Grosny<\/td>\n<td>1:55<\/td>\n<\/tr>\n<\/tbody>\n<tfoot>\n<tr>\n<td style=\"text-align: center;\" colspan=\"4\">\ud83d\udd52 Dura\u00e7\u00e3o total: 16min 42 s<\/td>\n<\/tr>\n<\/tfoot>\n<\/table>\n[\/vc_column_text][vc_column_text]<iframe loading=\"lazy\" title=\"Trailer de Guti\u00e9rrez Contra o Crime (2026)\" src=\"https:\/\/www.youtube.com\/embed\/8UVbuA4C3qg?si=HplEUgom9oZXSE7C\" width=\"560\" height=\"315\" frameborder=\"0\" allowfullscreen=\"allowfullscreen\"><\/iframe>[\/vc_column_text][\/vc_column][\/vc_row][vc_row][vc_column][vc_column_text]\n<h2 style=\"text-align: center;\">Sobre a S\u00e9rie<\/h2>\n<p style=\"text-align: justify;\"><strong>Guti\u00e9rrez Contra o Crime<\/strong> (<em>Guti\u00e9rrez is mai neim<\/em>) \u00e9 uma s\u00e9rie argentina de com\u00e9dia policial que acompanha o subcomiss\u00e1rio Roberto Guti\u00e9rrez (<strong>Dar\u00edo Barassi<\/strong>), um policial pouco preparado que assume um dos casos mais delicados de sua carreira ap\u00f3s o assassinato do embaixador russo no conurbano de Buenos Aires. Ao lado do tenente Rub\u00e9n Torcoletti (<strong>Yayo Guridi<\/strong>), Guti\u00e9rrez precisa investigar o crime enquanto enfrenta a interfer\u00eancia da CIA, liderada por seu rival Mike Robinson.<\/p>\n<p style=\"text-align: justify;\">Com uma equipe t\u00e3o leal quanto incompetente e m\u00e9todos que frequentemente ultrapassam os limites da legalidade, a dupla se envolve em situa\u00e7\u00f5es absurdas enquanto tenta solucionar o caso antes dos agentes norte-americanos.<\/p>\n<p style=\"text-align: justify;\">Dirigida por <strong>Jes\u00fas Braceras<\/strong>, a produ\u00e7\u00e3o combina humor \u00e1cido, a\u00e7\u00e3o e s\u00e1tira ao g\u00eanero policial, com refer\u00eancias \u00e0s cl\u00e1ssicas <em>buddy movies<\/em> dos anos 1990. A s\u00e9rie estreou no <strong>Disney+<\/strong> em 26 de agosto de 2026 e conta com oito epis\u00f3dios.<\/p>\n[\/vc_column_text][vc_row_inner css=&#8221;.vc_custom_1592964148190{background-color: #eaeaeaea !important;}&#8221;][vc_column_inner width=&#8221;1\/4&#8243;][vc_column_text]<a href=\"https:\/\/cinemaeafins.com.br\/trilhas\/wp-content\/uploads\/2026\/08\/poster-gutierrez-contra-o-crime-2026.webp\"><img loading=\"lazy\" decoding=\"async\" class=\"aligncenter wp-image-4896 size-medium\" title=\"P\u00f4ster de Guti\u00e9rrez Contra o Crime (2026)\" src=\"https:\/\/cinemaeafins.com.br\/trilhas\/wp-content\/uploads\/2026\/08\/poster-gutierrez-contra-o-crime-2026-200x300.webp\" alt=\"P\u00f4ster de Guti\u00e9rrez Contra o Crime (2026), com Dar\u00edo Barassi e Yayo Guridi\" width=\"200\" height=\"300\" srcset=\"https:\/\/cinemaeafins.com.br\/trilhas\/wp-content\/uploads\/2026\/08\/poster-gutierrez-contra-o-crime-2026-200x300.webp 200w, https:\/\/cinemaeafins.com.br\/trilhas\/wp-content\/uploads\/2026\/08\/poster-gutierrez-contra-o-crime-2026-683x1024.webp 683w, https:\/\/cinemaeafins.com.br\/trilhas\/wp-content\/uploads\/2026\/08\/poster-gutierrez-contra-o-crime-2026-768x1152.webp 768w, https:\/\/cinemaeafins.com.br\/trilhas\/wp-content\/uploads\/2026\/08\/poster-gutierrez-contra-o-crime-2026-1024x1536.webp 1024w, https:\/\/cinemaeafins.com.br\/trilhas\/wp-content\/uploads\/2026\/08\/poster-gutierrez-contra-o-crime-2026.webp 1280w\" sizes=\"auto, (max-width: 200px) 100vw, 200px\" \/><\/a>[\/vc_column_text][\/vc_column_inner][vc_column_inner width=&#8221;3\/4&#8243;][vc_column_text]<strong>G\u00eaneros:<\/strong> Com\u00e9dia, A\u00e7\u00e3o, Policial, Crime<br \/>\n<strong>Ano de produ\u00e7\u00e3o:<\/strong> 2026<br \/>\n<strong>Data de estreia:<\/strong> 26 de agosto de 2026<br \/>\n<strong>Elenco:<\/strong> Dar\u00edo Barassi, Yayo Guridi, Juliana Savioli, Abian Vainstein, Andrew Vezey, C\u00e9sar Bord\u00f3n<br \/>\n<strong>Dire\u00e7\u00e3o:<\/strong> Jes\u00fas Braceras<br \/>\n<strong>Roteiro:<\/strong> Jes\u00fas Braceras e Gabriel Nicoli<br \/>\n<strong>Epis\u00f3dios:<\/strong> 8<br \/>\n<strong>Classifica\u00e7\u00e3o:<\/strong> 18 anos<br \/>\n<strong>Onde assistir:<\/strong> <a title=\"Disney+\" href=\"https:\/\/www.disneyplus.com\/pt-br\/browse\/entity-bafb5cb7-91e5-4b20-85bb-6cf6b5fe2a00\" target=\"_blank\" rel=\"noopener\">Disney+<\/a>[\/vc_column_text][\/vc_column_inner][\/vc_row_inner][\/vc_column][\/vc_row]\n<\/div>","protected":false},"excerpt":{"rendered":"<p>Trilha sonora de Guti\u00e9rrez Contra o Crime: confira as m\u00fasicas e a playlist completa com 13 faixas compostas por Sergei Grosny para a s\u00e9rie do Disney+.<\/p>\n","protected":false},"author":1,"featured_media":4893,"comment_status":"closed","ping_status":"closed","sticky":false,"template":"","format":"standard","meta":{"iawp_total_views":16,"footnotes":""},"categories":[4,124],"tags":[143],"compositor":[914],"class_list":["post-4891","post","type-post","status-publish","format-standard","has-post-thumbnail","hentry","category-trilha-sonora","category-serie-de-tv","tag-hollywood-records","compositor-sergei-grosny"],"_links":{"self":[{"href":"https:\/\/cinemaeafins.com.br\/trilhas\/wp-json\/wp\/v2\/posts\/4891","targetHints":{"allow":["GET"]}}],"collection":[{"href":"https:\/\/cinemaeafins.com.br\/trilhas\/wp-json\/wp\/v2\/posts"}],"about":[{"href":"https:\/\/cinemaeafins.com.br\/trilhas\/wp-json\/wp\/v2\/types\/post"}],"author":[{"embeddable":true,"href":"https:\/\/cinemaeafins.com.br\/trilhas\/wp-json\/wp\/v2\/users\/1"}],"replies":[{"embeddable":true,"href":"https:\/\/cinemaeafins.com.br\/trilhas\/wp-json\/wp\/v2\/comments?post=4891"}],"version-history":[{"count":4,"href":"https:\/\/cinemaeafins.com.br\/trilhas\/wp-json\/wp\/v2\/posts\/4891\/revisions"}],"predecessor-version":[{"id":4898,"href":"https:\/\/cinemaeafins.com.br\/trilhas\/wp-json\/wp\/v2\/posts\/4891\/revisions\/4898"}],"wp:featuredmedia":[{"embeddable":true,"href":"https:\/\/cinemaeafins.com.br\/trilhas\/wp-json\/wp\/v2\/media\/4893"}],"wp:attachment":[{"href":"https:\/\/cinemaeafins.com.br\/trilhas\/wp-json\/wp\/v2\/media?parent=4891"}],"wp:term":[{"taxonomy":"category","embeddable":true,"href":"https:\/\/cinemaeafins.com.br\/trilhas\/wp-json\/wp\/v2\/categories?post=4891"},{"taxonomy":"post_tag","embeddable":true,"href":"https:\/\/cinemaeafins.com.br\/trilhas\/wp-json\/wp\/v2\/tags?post=4891"},{"taxonomy":"compositor","embeddable":true,"href":"https:\/\/cinemaeafins.com.br\/trilhas\/wp-json\/wp\/v2\/compositor?post=4891"}],"curies":[{"name":"wp","href":"https:\/\/api.w.org\/{rel}","templated":true}]}}