{"id":4937,"date":"2026-09-04T12:38:56","date_gmt":"2026-09-04T15:38:56","guid":{"rendered":"https:\/\/cinemaeafins.com.br\/trilhas\/?p=4937"},"modified":"2026-09-04T12:38:56","modified_gmt":"2026-09-04T15:38:56","slug":"mayday-2026","status":"publish","type":"post","link":"https:\/\/cinemaeafins.com.br\/trilhas\/mayday-2026\/","title":{"rendered":"Mayday (2026)"},"content":{"rendered":"<div class=\"wpb-content-wrapper\" id=\"wpb-content-root\">[vc_row][vc_column][vc_column_text]\n<p style=\"text-align: justify;\">A <strong>Milan Records<\/strong> lan\u00e7ou a trilha sonora de<a title=\"Sobre Mayday (2026)\" href=\"https:\/\/cinemaeafins.com.br\/filmes\/mayday-2026\/\"><strong> Mayday<\/strong><\/a>, nova com\u00e9dia de a\u00e7\u00e3o estrelada por<strong>\u00a0Ryan Reynolds<\/strong>\u00a0(Deadpool &amp; Wolverine) e<strong>\u00a0Kenneth Branagh<\/strong>\u00a0(O Diabo Veste Prada 2).<\/p>\n<p style=\"text-align: justify;\">O \u00e1lbum re\u00fane a trilha sonora original composta por <strong>Colin Stetson<\/strong>, conhecido por trabalhos em produ\u00e7\u00f5es como <a title=\"Trilha Sonora de O Homem que Sussurra\" href=\"https:\/\/cinemaeafins.com.br\/trilhas\/o-homem-que-sussurra-2026\/\">O Homem que Sussurra<\/a> e <a title=\"Trilha Sonora de Algo Horr\u00edvel Vai Acontecer\" href=\"https:\/\/cinemaeafins.com.br\/trilhas\/algo-horrivel-vai-acontecer-2026\/\">Algo Horr\u00edvel Vai Acontecer<\/a>. Confira a playlist completa abaixo.<\/p>\n<p><!--more--><\/p>\n<figure id=\"attachment_4940\" aria-describedby=\"caption-attachment-4940\" style=\"width: 600px\" class=\"wp-caption aligncenter\"><a href=\"https:\/\/cinemaeafins.com.br\/trilhas\/wp-content\/uploads\/2026\/09\/trilha-sonora-de-mayday-2026.webp\"><img loading=\"lazy\" decoding=\"async\" class=\"size-full wp-image-4940\" src=\"https:\/\/cinemaeafins.com.br\/trilhas\/wp-content\/uploads\/2026\/09\/trilha-sonora-de-mayday-2026.webp\" alt=\"Capa da trilha sonora de Mayday (2026), com Ryan Reynolds e Kenneth Branagh entre soldados e cr\u00e9ditos da m\u00fasica de Colin Stetson\" width=\"600\" height=\"600\" srcset=\"https:\/\/cinemaeafins.com.br\/trilhas\/wp-content\/uploads\/2026\/09\/trilha-sonora-de-mayday-2026.webp 600w, https:\/\/cinemaeafins.com.br\/trilhas\/wp-content\/uploads\/2026\/09\/trilha-sonora-de-mayday-2026-300x300.webp 300w, https:\/\/cinemaeafins.com.br\/trilhas\/wp-content\/uploads\/2026\/09\/trilha-sonora-de-mayday-2026-150x150.webp 150w\" sizes=\"auto, (max-width: 600px) 100vw, 600px\" \/><\/a><figcaption id=\"caption-attachment-4940\" class=\"wp-caption-text\">Capa oficial da trilha sonora de Mayday (2026), composta por Colin Stetson, com Ryan Reynolds e Kenneth Branagh em destaque.<\/figcaption><\/figure>\n[\/vc_column_text][vc_column_text]\n<h2 style=\"text-align: center;\">\ud83c\udfb5 Trilha Sonora de Mayday<\/h2>\n<table style=\"width: 100%; border-collapse: collapse;\" aria-label=\"Lista de faixas da trilha sonora de Mayday (2026)\">\n<thead>\n<tr>\n<th style=\"text-align: center; padding: 8px;\" scope=\"col\">Faixa<\/th>\n<th style=\"text-align: left; padding: 8px;\" scope=\"col\">T\u00edtulo<\/th>\n<th style=\"text-align: center; padding: 8px;\" scope=\"col\">Dura\u00e7\u00e3o<\/th>\n<\/tr>\n<\/thead>\n<tbody>\n<tr>\n<td style=\"text-align: center; padding: 6px;\">1<\/td>\n<td style=\"padding: 6px;\">Saving Boomer<\/td>\n<td style=\"text-align: center; padding: 6px;\">1:56<\/td>\n<\/tr>\n<tr>\n<td style=\"text-align: center; padding: 6px;\">2<\/td>\n<td style=\"padding: 6px;\">The Mission<\/td>\n<td style=\"text-align: center; padding: 6px;\">1:05<\/td>\n<\/tr>\n<tr>\n<td style=\"text-align: center; padding: 6px;\">3<\/td>\n<td style=\"padding: 6px;\">Blackbird<\/td>\n<td style=\"text-align: center; padding: 6px;\">0:56<\/td>\n<\/tr>\n<tr>\n<td style=\"text-align: center; padding: 6px;\">4<\/td>\n<td style=\"padding: 6px;\">Liftoff<\/td>\n<td style=\"text-align: center; padding: 6px;\">2:37<\/td>\n<\/tr>\n<tr>\n<td style=\"text-align: center; padding: 6px;\">5<\/td>\n<td style=\"padding: 6px;\">The View from up here<\/td>\n<td style=\"text-align: center; padding: 6px;\">1:18<\/td>\n<\/tr>\n<tr>\n<td style=\"text-align: center; padding: 6px;\">6<\/td>\n<td style=\"padding: 6px;\">The Stranger<\/td>\n<td style=\"text-align: center; padding: 6px;\">0:39<\/td>\n<\/tr>\n<tr>\n<td style=\"text-align: center; padding: 6px;\">7<\/td>\n<td style=\"padding: 6px;\">Moonshine<\/td>\n<td style=\"text-align: center; padding: 6px;\">1:08<\/td>\n<\/tr>\n<tr>\n<td style=\"text-align: center; padding: 6px;\">8<\/td>\n<td style=\"padding: 6px;\">Making an escape<\/td>\n<td style=\"text-align: center; padding: 6px;\">1:06<\/td>\n<\/tr>\n<tr>\n<td style=\"text-align: center; padding: 6px;\">9<\/td>\n<td style=\"padding: 6px;\">Do we have a deal?<\/td>\n<td style=\"text-align: center; padding: 6px;\">2:12<\/td>\n<\/tr>\n<tr>\n<td style=\"text-align: center; padding: 6px;\">10<\/td>\n<td style=\"padding: 6px;\">Stakeout<\/td>\n<td style=\"text-align: center; padding: 6px;\">1:15<\/td>\n<\/tr>\n<tr>\n<td style=\"text-align: center; padding: 6px;\">11<\/td>\n<td style=\"padding: 6px;\">The Heist<\/td>\n<td style=\"text-align: center; padding: 6px;\">1:12<\/td>\n<\/tr>\n<tr>\n<td style=\"text-align: center; padding: 6px;\">12<\/td>\n<td style=\"padding: 6px;\">Soldiers on a train pt.1<\/td>\n<td style=\"text-align: center; padding: 6px;\">1:47<\/td>\n<\/tr>\n<tr>\n<td style=\"text-align: center; padding: 6px;\">13<\/td>\n<td style=\"padding: 6px;\">Soldiers on a train pt.2<\/td>\n<td style=\"text-align: center; padding: 6px;\">1:39<\/td>\n<\/tr>\n<tr>\n<td style=\"text-align: center; padding: 6px;\">14<\/td>\n<td style=\"padding: 6px;\">Anna<\/td>\n<td style=\"text-align: center; padding: 6px;\">1:51<\/td>\n<\/tr>\n<tr>\n<td style=\"text-align: center; padding: 6px;\">15<\/td>\n<td style=\"padding: 6px;\">The Maz<\/td>\n<td style=\"text-align: center; padding: 6px;\">2:18<\/td>\n<\/tr>\n<tr>\n<td style=\"text-align: center; padding: 6px;\">16<\/td>\n<td style=\"padding: 6px;\">Shaking the tail<\/td>\n<td style=\"text-align: center; padding: 6px;\">1:21<\/td>\n<\/tr>\n<tr>\n<td style=\"text-align: center; padding: 6px;\">17<\/td>\n<td style=\"padding: 6px;\">Interrogation<\/td>\n<td style=\"text-align: center; padding: 6px;\">3:33<\/td>\n<\/tr>\n<tr>\n<td style=\"text-align: center; padding: 6px;\">18<\/td>\n<td style=\"padding: 6px;\">Catching a flight<\/td>\n<td style=\"text-align: center; padding: 6px;\">0:39<\/td>\n<\/tr>\n<tr>\n<td style=\"text-align: center; padding: 6px;\">19<\/td>\n<td style=\"padding: 6px;\">I must break you<\/td>\n<td style=\"text-align: center; padding: 6px;\">2:50<\/td>\n<\/tr>\n<tr>\n<td style=\"text-align: center; padding: 6px;\">20<\/td>\n<td style=\"padding: 6px;\">Who\u2019s flying the plane?<\/td>\n<td style=\"text-align: center; padding: 6px;\">5:56<\/td>\n<\/tr>\n<tr>\n<td style=\"text-align: center; padding: 6px;\">21<\/td>\n<td style=\"padding: 6px;\">Wingman<\/td>\n<td style=\"text-align: center; padding: 6px;\">2:04<\/td>\n<\/tr>\n<\/tbody>\n<tfoot>\n<tr>\n<td style=\"text-align: center; padding: 10px; font-weight: bold;\" colspan=\"3\">\u23f1\ufe0f Dura\u00e7\u00e3o total: 39min 31 s<\/td>\n<\/tr>\n<\/tfoot>\n<\/table>\n[\/vc_column_text][vc_column_text]<iframe loading=\"lazy\" title=\"YouTube video player\" src=\"https:\/\/www.youtube.com\/embed\/T3tPGyeq94s?si=fJewYJgCmhTlKuqa\" width=\"560\" height=\"315\" frameborder=\"0\" allowfullscreen=\"allowfullscreen\"><\/iframe>[\/vc_column_text][\/vc_column][\/vc_row][vc_row][vc_column][vc_column_text]\n<h2 style=\"text-align: center;\">Sobre o filme<\/h2>\n<p style=\"text-align: justify;\">Ryan Reynolds e Kenneth Branagh formam uma dupla improv\u00e1vel em <strong><em>Mayday<\/em><\/strong>, com\u00e9dia de a\u00e7\u00e3o que combina diferentes g\u00eaneros ao explorar uma hist\u00f3ria de espionagem ambientada no contexto da Guerra Fria.<\/p>\n<p style=\"text-align: justify;\">Na trama, o tenente Troy \u201cAssassino\u201d Kelly (Ryan Reynolds), um talentoso piloto da Marinha dos Estados Unidos, \u00e9 enviado em uma miss\u00e3o ultrassecreta para territ\u00f3rio russo. No entanto, a opera\u00e7\u00e3o d\u00e1 errado e ele acaba isolado atr\u00e1s das linhas inimigas.<\/p>\n<p style=\"text-align: justify;\">Quando \u00e9 encontrado por Nikolai Ustinov (Kenneth Branagh), um rabugento ex-agente da KGB fascinado pela cultura norte-americana, Troy acredita que sua situa\u00e7\u00e3o n\u00e3o poderia piorar. Para conseguir voltar para casa, por\u00e9m, os dois ter\u00e3o de deixar as diferen\u00e7as de lado e formar uma alian\u00e7a improv\u00e1vel. Em meio a persegui\u00e7\u00f5es, conflitos e situa\u00e7\u00f5es inesperadas, a parceria pode n\u00e3o apenas ser a chave para o resgate de Troy, mas tamb\u00e9m dar origem a um v\u00ednculo surpreendente entre os dois personagens.<\/p>\n[\/vc_column_text][vc_row_inner css=&#8221;.vc_custom_1592964148190{background-color: #eaeaeaea !important;}&#8221;][vc_column_inner width=&#8221;1\/4&#8243;][vc_column_text]<a href=\"https:\/\/cinemaeafins.com.br\/filmes\/wp-content\/uploads\/2026\/07\/cartaz-de-mayday-2026.webp\"><img loading=\"lazy\" decoding=\"async\" class=\"aligncenter wp-image-5585 size-medium\" title=\"P\u00f4ster oficial de Mayday (2026)\" src=\"https:\/\/cinemaeafins.com.br\/filmes\/wp-content\/uploads\/2026\/07\/cartaz-de-mayday-2026-200x300.webp\" alt=\"P\u00f4ster oficial de Mayday (2026) mostra Ryan Reynolds e Kenneth Branagh deitados sobre a neve, enquanto o t\u00edtulo do filme aparece em destaque ao centro.\" width=\"200\" height=\"300\" \/><\/a>[\/vc_column_text][\/vc_column_inner][vc_column_inner width=&#8221;3\/4&#8243;][vc_column_text]<strong>G\u00eaneros:<\/strong>\u00a0A\u00e7\u00e3o,\u00a0Com\u00e9dia,\u00a0Aventura<br \/>\n<strong>Ano de produ\u00e7\u00e3o:<\/strong>\u00a02026<br \/>\n<strong>Data de estreia:<\/strong>\u00a04 de setembro de 2026 (Apple TV+)<br \/>\n<strong>Elenco:<\/strong> Ryan Reynolds, Kenneth Branagh, David Morse, Wendy Crewson, Maria Bakalova, Louis Cancelmi<br \/>\n<strong>Dire\u00e7\u00e3o:<\/strong>\u00a0Jonathan Goldstein, John Francis Daley<br \/>\n<strong>Roteiro:<\/strong>\u00a0Jonathan Goldstein, John Francis Daley<br \/>\n<strong>Dura\u00e7\u00e3o:<\/strong>\u00a01 h 50 min<br \/>\n<strong>Classifica\u00e7\u00e3o:<\/strong>\u00a014 Anos<br \/>\n<strong>Distribui\u00e7\u00e3o:<\/strong>\u00a0<a href=\"https:\/\/tv.apple.com\/br\/\" target=\"_blank\" rel=\"noopener\">Apple TV+<\/a>[\/vc_column_text][\/vc_column_inner][\/vc_row_inner][\/vc_column][\/vc_row]\n<\/div>","protected":false},"excerpt":{"rendered":"<p>Trilha sonora de Mayday (2026): confira todas as faixas do \u00e1lbum de Colin Stetson e a playlist completa da com\u00e9dia de a\u00e7\u00e3o com Ryan Reynolds e Kenneth Branagh.<\/p>\n","protected":false},"author":1,"featured_media":4939,"comment_status":"closed","ping_status":"closed","sticky":false,"template":"","format":"standard","meta":{"iawp_total_views":42,"footnotes":""},"categories":[4,92],"tags":[60],"compositor":[915],"class_list":["post-4937","post","type-post","status-publish","format-standard","has-post-thumbnail","hentry","category-trilha-sonora","category-filme","tag-milan-records","compositor-colin-stetson"],"_links":{"self":[{"href":"https:\/\/cinemaeafins.com.br\/trilhas\/wp-json\/wp\/v2\/posts\/4937","targetHints":{"allow":["GET"]}}],"collection":[{"href":"https:\/\/cinemaeafins.com.br\/trilhas\/wp-json\/wp\/v2\/posts"}],"about":[{"href":"https:\/\/cinemaeafins.com.br\/trilhas\/wp-json\/wp\/v2\/types\/post"}],"author":[{"embeddable":true,"href":"https:\/\/cinemaeafins.com.br\/trilhas\/wp-json\/wp\/v2\/users\/1"}],"replies":[{"embeddable":true,"href":"https:\/\/cinemaeafins.com.br\/trilhas\/wp-json\/wp\/v2\/comments?post=4937"}],"version-history":[{"count":3,"href":"https:\/\/cinemaeafins.com.br\/trilhas\/wp-json\/wp\/v2\/posts\/4937\/revisions"}],"predecessor-version":[{"id":4942,"href":"https:\/\/cinemaeafins.com.br\/trilhas\/wp-json\/wp\/v2\/posts\/4937\/revisions\/4942"}],"wp:featuredmedia":[{"embeddable":true,"href":"https:\/\/cinemaeafins.com.br\/trilhas\/wp-json\/wp\/v2\/media\/4939"}],"wp:attachment":[{"href":"https:\/\/cinemaeafins.com.br\/trilhas\/wp-json\/wp\/v2\/media?parent=4937"}],"wp:term":[{"taxonomy":"category","embeddable":true,"href":"https:\/\/cinemaeafins.com.br\/trilhas\/wp-json\/wp\/v2\/categories?post=4937"},{"taxonomy":"post_tag","embeddable":true,"href":"https:\/\/cinemaeafins.com.br\/trilhas\/wp-json\/wp\/v2\/tags?post=4937"},{"taxonomy":"compositor","embeddable":true,"href":"https:\/\/cinemaeafins.com.br\/trilhas\/wp-json\/wp\/v2\/compositor?post=4937"}],"curies":[{"name":"wp","href":"https:\/\/api.w.org\/{rel}","templated":true}]}}