{"id":4943,"date":"2026-09-04T14:15:48","date_gmt":"2026-09-04T17:15:48","guid":{"rendered":"https:\/\/cinemaeafins.com.br\/trilhas\/?p=4943"},"modified":"2026-09-04T14:15:48","modified_gmt":"2026-09-04T17:15:48","slug":"magnatas-do-crime-temporada-2","status":"publish","type":"post","link":"https:\/\/cinemaeafins.com.br\/trilhas\/magnatas-do-crime-temporada-2\/","title":{"rendered":"Magnatas do Crime (2026) &#8211; Temporada 2"},"content":{"rendered":"<div class=\"wpb-content-wrapper\" id=\"wpb-content-root\">[vc_row][vc_column][vc_column_text]\n<p style=\"text-align: justify;\">A <strong>Netflix Music<\/strong> divulgou a trilha sonora de <a title=\"Sobre Magnatas do Crime: Temporada 2\" href=\"https:\/\/cinemaeafins.com.br\/magnatas-do-crime-temporada-2\/\">Magnatas do Crime: Temporada 2<\/a>, s\u00e9rie criada por <strong>Guy Ritchie<\/strong> e estrelada por <strong>Theo James<\/strong> e <strong>Kaya Scodelario<\/strong>.<\/p>\n<p style=\"text-align: justify;\">O \u00e1lbum re\u00fane a m\u00fasica original da segunda temporada, composta por <strong>Chris Benstead<\/strong>, respons\u00e1vel pelas trilhas de <a title=\"Trilha Sonora de Jovem Sherlock\" href=\"https:\/\/cinemaeafins.com.br\/trilhas\/jovem-sherlock-2026\/\">Jovem Sherlock<\/a> e <a title=\"Trilha Sonora de Na Zona Cinzenta\" href=\"https:\/\/cinemaeafins.com.br\/trilhas\/na-zona-cinzenta-2026\/\">Na Zona Cinzenta<\/a>. A sele\u00e7\u00e3o acompanha os novos epis\u00f3dios da produ\u00e7\u00e3o e amplia a identidade sonora da s\u00e9rie.<\/p>\n<p style=\"text-align: justify;\">Confira abaixo a playlist completa da <strong>trilha sonora de <em>Magnatas do Crime: Temporada 2<\/em><\/strong>:<\/p>\n<p><!--more--><br \/>\n<figure id=\"attachment_4945\" aria-describedby=\"caption-attachment-4945\" style=\"width: 600px\" class=\"wp-caption aligncenter\"><a href=\"https:\/\/cinemaeafins.com.br\/trilhas\/wp-content\/uploads\/2026\/09\/trilha-sonora-magnatas-do-crime-temporada-2.webp\"><img loading=\"lazy\" decoding=\"async\" class=\"wp-image-4945 size-full\" src=\"https:\/\/cinemaeafins.com.br\/trilhas\/wp-content\/uploads\/2026\/09\/trilha-sonora-magnatas-do-crime-temporada-2.webp\" alt=\"Trilha sonora de Magnatas do Crime: Temporada 2 com m\u00fasica original de Chris Benstead\" width=\"600\" height=\"600\" srcset=\"https:\/\/cinemaeafins.com.br\/trilhas\/wp-content\/uploads\/2026\/09\/trilha-sonora-magnatas-do-crime-temporada-2.webp 600w, https:\/\/cinemaeafins.com.br\/trilhas\/wp-content\/uploads\/2026\/09\/trilha-sonora-magnatas-do-crime-temporada-2-300x300.webp 300w, https:\/\/cinemaeafins.com.br\/trilhas\/wp-content\/uploads\/2026\/09\/trilha-sonora-magnatas-do-crime-temporada-2-150x150.webp 150w\" sizes=\"auto, (max-width: 600px) 100vw, 600px\" \/><\/a><figcaption id=\"caption-attachment-4945\" class=\"wp-caption-text\">Capa oficial da trilha sonora de Magnatas do Crime: Temporada 2, com m\u00fasica original de Chris Benstead.<\/figcaption><\/figure>[\/vc_column_text][vc_column_text]\n<h2 style=\"text-align: center;\">\ud83c\udfb5 Trilha Sonora de Magnatas do Crime: Temporada 2<\/h2>\n<table>\n<caption>Faixas da trilha sonora original de Magnatas do Crime: Temporada 2, composta por Chris Benstead.<\/caption>\n<thead>\n<tr>\n<th scope=\"col\">Faixa<\/th>\n<th scope=\"col\">T\u00edtulo<\/th>\n<th scope=\"col\">Dura\u00e7\u00e3o<\/th>\n<\/tr>\n<\/thead>\n<tbody>\n<tr>\n<td>1<\/td>\n<td>The Road to Kingdom<\/td>\n<td>4:45<\/td>\n<\/tr>\n<tr>\n<td>2<\/td>\n<td>Gun Smuggle<\/td>\n<td>2:00<\/td>\n<\/tr>\n<tr>\n<td>3<\/td>\n<td>Sheikh Arrival<\/td>\n<td>1:08<\/td>\n<\/tr>\n<tr>\n<td>4<\/td>\n<td>Gun Room<\/td>\n<td>2:01<\/td>\n<\/tr>\n<tr>\n<td>5<\/td>\n<td>Unexpected Visitors<\/td>\n<td>3:24<\/td>\n<\/tr>\n<tr>\n<td>6<\/td>\n<td>Bobby and the Banik<\/td>\n<td>2:27<\/td>\n<\/tr>\n<tr>\n<td>7<\/td>\n<td>Marco Moretti<\/td>\n<td>2:32<\/td>\n<\/tr>\n<tr>\n<td>8<\/td>\n<td>Orbe and Sceptre<\/td>\n<td>4:29<\/td>\n<\/tr>\n<tr>\n<td>9<\/td>\n<td>The Food Chain<\/td>\n<td>1:21<\/td>\n<\/tr>\n<tr>\n<td>10<\/td>\n<td>True Allegiance to King Charles III<\/td>\n<td>1:35<\/td>\n<\/tr>\n<tr>\n<td>11<\/td>\n<td>The Hawthorn Deal<\/td>\n<td>3:15<\/td>\n<\/tr>\n<tr>\n<td>12<\/td>\n<td>Milan Italy<\/td>\n<td>0:36<\/td>\n<\/tr>\n<tr>\n<td>13<\/td>\n<td>Seek Forgiveness<\/td>\n<td>1:30<\/td>\n<\/tr>\n<tr>\n<td>14<\/td>\n<td>Mr Takashi<\/td>\n<td>1:53<\/td>\n<\/tr>\n<tr>\n<td>15<\/td>\n<td>Susie and the Contessa<\/td>\n<td>1:45<\/td>\n<\/tr>\n<tr>\n<td>16<\/td>\n<td>Will You Kill<\/td>\n<td>3:09<\/td>\n<\/tr>\n<tr>\n<td>17<\/td>\n<td>Ish with the Bish<\/td>\n<td>2:04<\/td>\n<\/tr>\n<tr>\n<td>18<\/td>\n<td>Dark Reverberations<\/td>\n<td>1:44<\/td>\n<\/tr>\n<tr>\n<td>19<\/td>\n<td>Carry Your Burden<\/td>\n<td>2:30<\/td>\n<\/tr>\n<tr>\n<td>20<\/td>\n<td>Eddie Visits Freddie<\/td>\n<td>1:15<\/td>\n<\/tr>\n<tr>\n<td>21<\/td>\n<td>Susie in Italy<\/td>\n<td>1:10<\/td>\n<\/tr>\n<tr>\n<td>22<\/td>\n<td>Deliver Me from the Sword<\/td>\n<td>1:13<\/td>\n<\/tr>\n<tr>\n<td>23<\/td>\n<td>A Lovely Surprise<\/td>\n<td>1:24<\/td>\n<\/tr>\n<tr>\n<td>24<\/td>\n<td>Mutual Admirations<\/td>\n<td>1:56<\/td>\n<\/tr>\n<tr>\n<td>25<\/td>\n<td>Clear the Air<\/td>\n<td>1:42<\/td>\n<\/tr>\n<tr>\n<td>26<\/td>\n<td>Create the Moment<\/td>\n<td>3:40<\/td>\n<\/tr>\n<tr>\n<td>27<\/td>\n<td>Bella I Love You<\/td>\n<td>1:05<\/td>\n<\/tr>\n<tr>\n<td>28<\/td>\n<td>Stately Gun Battle<\/td>\n<td>3:13<\/td>\n<\/tr>\n<tr>\n<td>29<\/td>\n<td>Where Is Tarquin<\/td>\n<td>1:51<\/td>\n<\/tr>\n<tr>\n<td>30<\/td>\n<td>Cico Unravelling<\/td>\n<td>1:41<\/td>\n<\/tr>\n<tr>\n<td>31<\/td>\n<td>Eyes on the Baby<\/td>\n<td>2:20<\/td>\n<\/tr>\n<tr>\n<td>32<\/td>\n<td>Bring Me the Head<\/td>\n<td>2:11<\/td>\n<\/tr>\n<tr>\n<td>33<\/td>\n<td>Disturbing Dream<\/td>\n<td>1:24<\/td>\n<\/tr>\n<tr>\n<td>34<\/td>\n<td>Eddie and Susie Arrive<\/td>\n<td>1:43<\/td>\n<\/tr>\n<tr>\n<td>35<\/td>\n<td>Someone\u2019s Got to Die<\/td>\n<td>6:59<\/td>\n<\/tr>\n<\/tbody>\n<tfoot>\n<tr>\n<td style=\"text-align: center;\" colspan=\"3\"><strong>Dura\u00e7\u00e3o Total:<\/strong> \u23f1\ufe0f 1h 18 min<\/td>\n<\/tr>\n<\/tfoot>\n<\/table>\n[\/vc_column_text][vc_column_text]<iframe loading=\"lazy\" title=\"YouTube video player\" src=\"https:\/\/www.youtube.com\/embed\/YEuXNahZx2Q?si=IX7TMGaI5a2mjvWf\" width=\"560\" height=\"315\" frameborder=\"0\" allowfullscreen=\"allowfullscreen\"><\/iframe>[\/vc_column_text][\/vc_column][\/vc_row][vc_row][vc_column][vc_column_text]\n<h2 style=\"text-align: center;\">Sobre a S\u00e9rie<\/h2>\n<p style=\"text-align: justify;\">Em <strong><em>Magnatas do Crime: Temporada 2<\/em><\/strong>, a hist\u00f3ria avan\u00e7a um ano ap\u00f3s os acontecimentos da primeira temporada e mostra <strong>Eddie Horniman (Theo James)<\/strong> mais confort\u00e1vel no papel de duque e l\u00edder de um crescente imp\u00e9rio criminoso. Ao lado de <strong>Susie Glass (Kaya Scodelario)<\/strong>, ele amplia os neg\u00f3cios para al\u00e9m da Inglaterra e acaba entrando em conflito com novos advers\u00e1rios ligados ao submundo italiano.<\/p>\n<p style=\"text-align: justify;\">Enquanto Eddie se deixa levar cada vez mais pela ambi\u00e7\u00e3o e pelo poder, Susie come\u00e7a a questionar sua posi\u00e7\u00e3o dentro do imp\u00e9rio comandado por seu pai, <strong>Bobby Glass (Ray Winstone)<\/strong>. A segunda temporada mant\u00e9m a combina\u00e7\u00e3o de <strong>crime, humor \u00e1cido, a\u00e7\u00e3o e aristocracia brit\u00e2nica<\/strong> caracter\u00edstica da s\u00e9rie, mas amplia a escala da trama ao levar parte da hist\u00f3ria para os lagos italianos.<\/p>\n[\/vc_column_text][vc_row_inner css=&#8221;.vc_custom_1592964148190{background-color: #eaeaeaea !important;}&#8221;][vc_column_inner width=&#8221;1\/4&#8243;][vc_column_text]<a href=\"https:\/\/cinemaeafins.com.br\/trilhas\/wp-content\/uploads\/2026\/09\/magnatas-do-crime-temporada-2-poster.webp\"><img loading=\"lazy\" decoding=\"async\" class=\"aligncenter wp-image-4947 size-medium\" src=\"https:\/\/cinemaeafins.com.br\/trilhas\/wp-content\/uploads\/2026\/09\/magnatas-do-crime-temporada-2-poster-200x300.webp\" alt=\"Magnatas do Crime: Temporada 2 com Theo James, Kaya Scodelario e Ray Winstone em p\u00f4ster da s\u00e9rie Netflix\" width=\"200\" height=\"300\" srcset=\"https:\/\/cinemaeafins.com.br\/trilhas\/wp-content\/uploads\/2026\/09\/magnatas-do-crime-temporada-2-poster-200x300.webp 200w, https:\/\/cinemaeafins.com.br\/trilhas\/wp-content\/uploads\/2026\/09\/magnatas-do-crime-temporada-2-poster.webp 500w\" sizes=\"auto, (max-width: 200px) 100vw, 200px\" \/><\/a>[\/vc_column_text][\/vc_column_inner][vc_column_inner width=&#8221;3\/4&#8243;][vc_column_text]<strong>G\u00eaneros:<\/strong> A\u00e7\u00e3o, Drama, Com\u00e9dia, Crime<br \/>\n<strong>Ano de produ\u00e7\u00e3o:<\/strong> 2026<br \/>\n<strong>Data de estreia:<\/strong> 3 de setembro de 2026<br \/>\n<strong>Elenco:<\/strong> Theo James, Kaya Scodelario, Ray Winstone, Daniel Ings, Giancarlo Esposito, Hugh Bonneville, Benedetta Porcaroli, Michele Morrone<br \/>\n<strong>Cria\u00e7\u00e3o:<\/strong> Guy Ritchie<br \/>\n<strong>Dire\u00e7\u00e3o:<\/strong> Guy Ritchie, Eran Creevy e Nick Rowland<br \/>\n<strong>Roteiro:<\/strong> Guy Ritchie, Matthew Read, Danielle Ward, John Jackson e Iain Weatherby<br \/>\n<strong>Epis\u00f3dios:<\/strong> 8<br \/>\n<strong>Classifica\u00e7\u00e3o:<\/strong> 18 anos<br \/>\n<strong>Onde assistir:<\/strong> <a title=\"Magnatas do Crime: Temporada 2 na Netflix\" href=\"https:\/\/www.netflix.com\/br\/title\/81437051\" target=\"_blank\" rel=\"noopener\">Netflix<\/a>[\/vc_column_text][\/vc_column_inner][\/vc_row_inner][\/vc_column][\/vc_row]\n<\/div>","protected":false},"excerpt":{"rendered":"<p>Trilha sonora de Magnatas do Crime: Temporada 2: confira a playlist completa, com 35 faixas compostas por Chris Benstead. Ou\u00e7a agora!<\/p>\n","protected":false},"author":1,"featured_media":4946,"comment_status":"closed","ping_status":"closed","sticky":false,"template":"","format":"standard","meta":{"iawp_total_views":23,"footnotes":""},"categories":[4,124],"tags":[25],"compositor":[926],"class_list":["post-4943","post","type-post","status-publish","format-standard","has-post-thumbnail","hentry","category-trilha-sonora","category-serie-de-tv","tag-netflix-music","compositor-chris-benstead"],"_links":{"self":[{"href":"https:\/\/cinemaeafins.com.br\/trilhas\/wp-json\/wp\/v2\/posts\/4943","targetHints":{"allow":["GET"]}}],"collection":[{"href":"https:\/\/cinemaeafins.com.br\/trilhas\/wp-json\/wp\/v2\/posts"}],"about":[{"href":"https:\/\/cinemaeafins.com.br\/trilhas\/wp-json\/wp\/v2\/types\/post"}],"author":[{"embeddable":true,"href":"https:\/\/cinemaeafins.com.br\/trilhas\/wp-json\/wp\/v2\/users\/1"}],"replies":[{"embeddable":true,"href":"https:\/\/cinemaeafins.com.br\/trilhas\/wp-json\/wp\/v2\/comments?post=4943"}],"version-history":[{"count":3,"href":"https:\/\/cinemaeafins.com.br\/trilhas\/wp-json\/wp\/v2\/posts\/4943\/revisions"}],"predecessor-version":[{"id":4949,"href":"https:\/\/cinemaeafins.com.br\/trilhas\/wp-json\/wp\/v2\/posts\/4943\/revisions\/4949"}],"wp:featuredmedia":[{"embeddable":true,"href":"https:\/\/cinemaeafins.com.br\/trilhas\/wp-json\/wp\/v2\/media\/4946"}],"wp:attachment":[{"href":"https:\/\/cinemaeafins.com.br\/trilhas\/wp-json\/wp\/v2\/media?parent=4943"}],"wp:term":[{"taxonomy":"category","embeddable":true,"href":"https:\/\/cinemaeafins.com.br\/trilhas\/wp-json\/wp\/v2\/categories?post=4943"},{"taxonomy":"post_tag","embeddable":true,"href":"https:\/\/cinemaeafins.com.br\/trilhas\/wp-json\/wp\/v2\/tags?post=4943"},{"taxonomy":"compositor","embeddable":true,"href":"https:\/\/cinemaeafins.com.br\/trilhas\/wp-json\/wp\/v2\/compositor?post=4943"}],"curies":[{"name":"wp","href":"https:\/\/api.w.org\/{rel}","templated":true}]}}